{"id":2731,"date":"2016-03-29T11:14:24","date_gmt":"2016-03-29T11:14:24","guid":{"rendered":""},"modified":"2026-03-11T09:12:04","modified_gmt":"2026-03-11T14:12:04","slug":"papa-francisco-y-la-reforma-que-impulsa-en-la-iglesia","status":"publish","type":"post","link":"https:\/\/ceas.org.pe\/index.php\/2016\/03\/29\/papa-francisco-y-la-reforma-que-impulsa-en-la-iglesia\/","title":{"rendered":"Papa Francisco y la reforma que impulsa en la Iglesia"},"content":{"rendered":"<p>Ya a lo largo de los siglos la iglesia tiende a convertirse en una instituci\u00f3n m\u00e1s, los conventos en castillos, la pastoral en un \u00e1rea m\u00e1s de comercio y finanzas, la Iglesia se privatiza o se convierte en instancia de gobierno transnacional perdiendo el Esp\u00edritu de la sencillez, de comunidad fundada por Jes\u00fas.<\/p>\n<div>\u00a0<\/div>\n<div>De esta manera la iglesia termina sirviendo para todo menos al evangelio y al Reino. La instituci\u00f3n se convierte en el sistema privado en favor de pocos, mientras las ovejas son zarandeadas por los lobos rapaces que las devoran.<\/div>\n<div>\u00a0<\/div>\n<div>El Papa Francisco con todo el \u00edmpetu del Esp\u00edritu se posicion\u00f3 frente a todos esos retos, esos desaf\u00edos. Su exhortaci\u00f3n apost\u00f3lica \u201cla alegr\u00eda del Evangelio\u201d, asumi\u00f3 todas las situaciones del mundo actual e invit\u00f3 a retomar el camino de las viejas veredas del Evangelio ante las autopistas de la fascinaci\u00f3n del mundo actual. Invit\u00f3 a vivir la \u201calegr\u00eda del Evangelio\u201d en un momento en que el Evangelio era un cosa pesada tanto en las instituciones religiosas que experimentaban una especie de oxidaci\u00f3n acomodadas y ajenas al sufrimiento humano. El Papa insiste \u00a0que el dinero se hizo para la vida y no la vida para el dinero sacrific\u00e1ndola.<\/div>\n<div>\u00a0<\/div>\n<div>Posteriormente la \u201cLaudato Si\u201d, hace que la Iglesia se muestre interesada en temas claves de la realidad mundial y aborde temas de actualidad que hab\u00edan sido desfasados o ignorados para asentar un sistema que devora millones de vidas humanas en el silencio y la complicidad. Todo esto va resultando incomodo incluso para sectores dentro de la Iglesia que se hab\u00edan acomodado por siglos. A partir de estas brechas abiertas y convencido del llamado de Dios en la historia de hoy y las urgentes necesidades del mundo, el Papa inicia un proceso de sacudida de la Iglesia que anquilosada empieza a padecer como dijera el Cardenal Pietro Parol\u00edn a una revista Italiana: de \u201celefantitis\u201d.<\/div>\n<div>\u00a0<\/div>\n<div>La reforma dice el Papa Francisco, verdadero profeta del Siglo XXI, requiere de mucha oraci\u00f3n y de mucho discernimiento a la luz del Esp\u00edritu Santo.<\/div>\n<div>\u00a0<\/div>\n<div>La reforma sin duda es un camino largo, que al igual que la \u201cconversi\u00f3n pastoral\u201d de la que habl\u00f3 Aparecida, est\u00e1n sin \u201cestrenar\u201d. Se tienen discusiones, foros, pero no cambia nada. Probablemente porque unas de las instancias que m\u00e1s inciden en la Iglesia y la sociedad sean los centros educativos, los centros de ciencia y entre ellos las universidades, y estas van por lo suyo y no siempre por el camino de la Iglesia, en la direcci\u00f3n del actual Papa y menos del Evangelio. Por ello es que desde esas fuentes de formaci\u00f3n e informaci\u00f3n se constituyen las sociedades modernas y por ende los abismos y las periferias. Para ello cuentan con los sistemas poderosos de comunicaci\u00f3n que se encargan de fabricar seres aut\u00f3matas que obedecen ciegamente aunque sean llevados como corderos por caminos de muerte.<\/div>\n<div>\u00a0<\/div>\n<div>Por eso el Papa insiste en la vida, en primerear, en la construcci\u00f3n del bien, habla de una iglesia en salida, que llegue a las periferias, que se convierta en buena noticia del Evangelio de la vida. El Papa valientemente con la fuerza del Esp\u00edritu y como dijo Benedicto XVI con la fuerza del \u201cPastor supremo\u201d que es Jes\u00fas, abre nuevos caminos para la Iglesia. Salta la pregunta: \u00bflograr\u00e1 el Papa Francisco que la iglesia camine hacia los horizontes del verdadero Evangelio y resplandezca como la Iglesia anunciada en el apocalipsis? Sin duda que solo no, porque Dios que puede hacer solo las cosas, pide la cooperaci\u00f3n humana de aquellos a los que llam\u00f3.<\/div>\n<div>\u00a0<\/div>\n<div>El Padre Antonio Spadaro, S. J. recogi\u00f3 una entrevista de las primeras que el Papa Francisco dio para una revista cat\u00f3lica de la compa\u00f1\u00eda de Jes\u00fas en la que dej\u00f3 entrever el camino que emprender\u00eda. Ofrecemos aqu\u00ed parte de la entrevista en particular lo referido a lo que se ir\u00eda convirtiendo paulatinamente en el camino de la reforma de la iglesia.<\/div>\n<div>\u00a0<\/div>\n<div>Autor: Noticelam<\/div>\n<div>Fuente: Santa Sede<\/div>\n<div>\u00a0<\/div>\n<p><a href=\"http:\/\/web.hilo.org.pe\/wp-content\/uploads\/20160329_Papa franciscook.jpg\" target=\"_blank\" rel=\"noopener\">Ver archivo adjunto<\/a><\/p>\n","protected":false},"excerpt":{"rendered":"<p>Ya a lo largo de los siglos la iglesia tiende a convertirse en una instituci?n m?s, los conventos en castillos, la pastoral en un ?rea m?s de comercio y finanzas, la Iglesia se privatiza o se convierte en instancia de gobierno transnacional perdiendo el Esp?ritu de la sencillez, de comunidad fundada por Jes?s.<\/p>\n","protected":false},"author":1,"featured_media":7855,"comment_status":"closed","ping_status":"closed","sticky":false,"template":"","format":"standard","meta":{"footnotes":""},"categories":[9],"tags":[],"class_list":["post-2731","post","type-post","status-publish","format-standard","has-post-thumbnail","hentry","category-noticias"],"_links":{"self":[{"href":"https:\/\/ceas.org.pe\/index.php\/wp-json\/wp\/v2\/posts\/2731","targetHints":{"allow":["GET"]}}],"collection":[{"href":"https:\/\/ceas.org.pe\/index.php\/wp-json\/wp\/v2\/posts"}],"about":[{"href":"https:\/\/ceas.org.pe\/index.php\/wp-json\/wp\/v2\/types\/post"}],"author":[{"embeddable":true,"href":"https:\/\/ceas.org.pe\/index.php\/wp-json\/wp\/v2\/users\/1"}],"replies":[{"embeddable":true,"href":"https:\/\/ceas.org.pe\/index.php\/wp-json\/wp\/v2\/comments?post=2731"}],"version-history":[{"count":1,"href":"https:\/\/ceas.org.pe\/index.php\/wp-json\/wp\/v2\/posts\/2731\/revisions"}],"predecessor-version":[{"id":6487,"href":"https:\/\/ceas.org.pe\/index.php\/wp-json\/wp\/v2\/posts\/2731\/revisions\/6487"}],"wp:featuredmedia":[{"embeddable":true,"href":"https:\/\/ceas.org.pe\/index.php\/wp-json\/wp\/v2\/media\/7855"}],"wp:attachment":[{"href":"https:\/\/ceas.org.pe\/index.php\/wp-json\/wp\/v2\/media?parent=2731"}],"wp:term":[{"taxonomy":"category","embeddable":true,"href":"https:\/\/ceas.org.pe\/index.php\/wp-json\/wp\/v2\/categories?post=2731"},{"taxonomy":"post_tag","embeddable":true,"href":"https:\/\/ceas.org.pe\/index.php\/wp-json\/wp\/v2\/tags?post=2731"}],"curies":[{"name":"wp","href":"https:\/\/api.w.org\/{rel}","templated":true}]}}