{"id":2729,"date":"2016-03-28T12:04:43","date_gmt":"2016-03-28T12:04:43","guid":{"rendered":""},"modified":"2026-03-11T09:12:05","modified_gmt":"2026-03-11T14:12:05","slug":"mensaje-del-papa-francisco-por-pascua","status":"publish","type":"post","link":"https:\/\/ceas.org.pe\/index.php\/2016\/03\/28\/mensaje-del-papa-francisco-por-pascua\/","title":{"rendered":"Mensaje del Papa Francisco por Pascua"},"content":{"rendered":"<p>\u00a0\u00abDios ha vencido el ego\u00edsmo y la muerte con las armas del amor; su hijo, Jes\u00fas, es la puerta de la misericordia, abierta de par en par para todos\u00bb, asegur\u00f3 el Pont\u00edfice tras la bendici\u00f3n \u00abUrbi et Orbi\u00bb que lanz\u00f3 desde el balc\u00f3n central de la Bas\u00edlica de San Pedro este mediod\u00eda de Roma.<\/p>\n<div>\u00a0<\/div>\n<div>El Papa enmarc\u00f3 sus pedidos de paz y convivencia en un mundo que \u00abest\u00e1 lleno de personas que sufren en el cuerpo y en el esp\u00edritu, mientras que las cr\u00f3nicas diarias est\u00e1n repletas de informes sobre delitos brutales, que a menudo se cometen en el \u00e1mbito dom\u00e9stico, y de conflictos armados a gran escala que someten a poblaciones enteras a pruebas indecibles\u00bb.<\/div>\n<div>\u00a0<\/div>\n<div>\u00abQue su mensaje pascual se proyecte cada vez m\u00e1s sobre el pueblo venezolano, en las dif\u00edciles condiciones en las que vive, as\u00ed como sobre los que tienen en sus manos el destino del pa\u00eds, para que se trabaje en pos del bien com\u00fan, buscando formas de di\u00e1logo y colaboraci\u00f3n entre todos\u00bb, pidi\u00f3 el Obispo de Roma.<\/div>\n<div>\u00a0<\/div>\n<div>\u00abY que se promueva en todo lugar la cultura del encuentro, la justicia y el respeto rec\u00edproco, lo \u00fanico que puede asegurar el bienestar espiritual y material de los ciudadanos\u00bb, agreg\u00f3 Su Santidad, que dos horas antes hab\u00eda celebrado en la Plaza San Pedro la misa de Pascua.<\/div>\n<div>\u00a0<\/div>\n<div>En su mensaje desde el balc\u00f3n, Francisco insisti\u00f3 con su preocupaci\u00f3n por los emigrados de \u00c1frica y asegur\u00f3 que \u00abson una muchedumbre cada vez m\u00e1s grande de emigrantes y refugiados, incluyendo muchos ni\u00f1os, que huyen de la guerra, el hambre, la pobreza y la injusticia social\u00bb.<\/div>\n<div>\u00a0<\/div>\n<div>\u00abEstos hermanos y hermanas nuestros, encuentran demasiado a menudo en su recorrido la muerte o, en todo caso, el rechazo de quien podr\u00edan ofrecerles hospitalidad y ayuda\u00bb, critic\u00f3 el Pont\u00edfice tras dar una vuelta en papam\u00f3vil, sin protecci\u00f3n antibalas, por la hist\u00f3rica plaza.<\/div>\n<div>\u00a0<\/div>\n<div>\u00abQue la cita de la pr\u00f3xima Cumbre Mundial Humanitaria no deje de poner en el centro a la persona humana, con su dignidad, y desarrollar pol\u00edticas capaces de asistir y proteger a las v\u00edctimas de conflictos y otras situaciones de emergencia, especialmente a los m\u00e1s vulnerables y los que son perseguidos por motivos \u00e9tnicos y religiosos\u00bb, demand\u00f3 el santo padre.<\/div>\n<div>\u00a0<\/div>\n<div>Pidiendo ternura y compasi\u00f3n \u00abhacia los hambrientos y sedientos, los extranjeros y los encarcelados, los marginados y descartados, las v\u00edctimas del abuso y la violencia\u00bb, el Pont\u00edfice inst\u00f3 en su mensaje \u00aba reanudar con mayor vigor la construcci\u00f3n de caminos de reconciliaci\u00f3n con Dios y con los hermanos, que tanto necesitamos\u00bb.<\/div>\n<div>\u00a0<\/div>\n<div>Adem\u00e1s, el Papa pidi\u00f3 \u00abque la imagen del hombre nuevo, que resplandece en el rostro de Cristo, fomente la convivencia entre israel\u00edes y palestinos en Tierra Santa, as\u00ed como la disponibilidad paciente y el compromiso cotidiano de trabajar en la construcci\u00f3n de los cimientos de una paz justa y duradera a trav\u00e9s de negociaciones directas y sinceras\u00bb.<\/div>\n<div>\u00a0<\/div>\n<div>\u00abQue el Se\u00f1or de la vida acompa\u00f1e los esfuerzos para alcanzar una soluci\u00f3n definitiva de la guerra en ucrania, inspirando y apoyando tambi\u00e9n las iniciativas de ayuda humanitaria, incluida la de liberar a las personas detenidas\u00bb, fue otro de los pedidos de Francisco.<\/div>\n<div>\u00a0<\/div>\n<div>En otro pasaje de su bendici\u00f3n, el Pont\u00edfice reiter\u00f3 la \u00abcercan\u00eda a las v\u00edctimas del terrorismo, esa forma ciega y brutal de violencia que no cesa de derramar sangre inocente en diferentes partes del mundo, como ha ocurrido en los recientes atentados en B\u00e9lgica, Turqu\u00eda, Nigeria, Chad, Camer\u00fan y Costa de Marfil\u00bb.<\/div>\n<div>\u00abQue lleve a buen t\u00e9rmino el fermento de esperanza y las perspectivas de paz en \u00c1frica; pienso, en particular, en Burundi, Mozambique, la rep\u00fablica Democr\u00e1tica del Congo y en el Sud\u00e1n del Sur, lacerados por tensiones pol\u00edticas y sociales\u00bb.<\/div>\n<div>\u00a0<\/div>\n<div>El eje ambiental, recurrente en los discursos del Pont\u00edfice tras la publicaci\u00f3n en 2015 de la enc\u00edclica Laudato Si, tambi\u00e9n estuvo presente cuando Francisco pidi\u00f3 que \u00aben este d\u00eda tan glorioso, goce tambi\u00e9n la tierra, inundada de tanta claridad, aunque sea tan maltratada y vilipendiada por una explotaci\u00f3n \u00e1vida de ganancias, que altera el equilibrio de la naturaleza\u00bb.<\/div>\n<div>\u00a0<\/div>\n<div>\u00abPienso en particular en las zonas afectadas por los efectos del cambio clim\u00e1tico, que en ocasiones provoca sequ\u00eda o inundaciones, con las consiguientes crisis alimentarias en diferentes partes del planeta\u00bb, enfatiz\u00f3.<\/div>\n<div>\u00a0<\/div>\n<div>Sobre el imponente arreglo de m\u00e1s de 35.000 flores y plantas enviado por floristas holandeses para acompa\u00f1ar la celebraci\u00f3n, Francisco tambi\u00e9n envi\u00f3 un mensaje \u00aba la querida Siria, un pa\u00eds desgarrado por un largo conflicto, con su triste rastro de destrucci\u00f3n, muerte, desprecio por el derecho humanitario y la desintegraci\u00f3n de la convivencia civil\u00bb.<\/div>\n<div>\u00a0<\/div>\n<div>\u00abEncomendamos al poder del Se\u00f1or resucitado las conversaciones en curso, para que, con la buena voluntad y la cooperaci\u00f3n de todos, se puedan recoger frutos de paz y emprender la construcci\u00f3n de una sociedad fraterna, respetuosa de la dignidad y los derechos de todos los ciudadanos\u00bb, insisti\u00f3 sobre el pa\u00eds asi\u00e1tico.<\/div>\n<div>\u00a0<\/div>\n<div>\u00abQue el mensaje de vida, proclamado por el \u00e1ngel junto a la piedra removida del sepulcro, aleje la dureza de nuestro coraz\u00f3n y promueva un intercambio fecundo entre pueblos y culturas en las zonas de la cuenca del Mediterr\u00e1neo y de Medio Oriente, en particular en Irak, Yemen y Libia\u00bb, sum\u00f3 a su pedido global de paz, que dedic\u00f3 con ah\u00ednco a quienes \u00abhan perdido toda esperanza\u00bb, a los ancianos en soledad y a los \u00abj\u00f3venes a quienes paree faltarles el futuro\u00bb..<\/div>\n<div>\u00a0<\/div>\n<div>Fuente. diariojornada.com.ar<\/div>\n<p><a href=\"http:\/\/web.hilo.org.pe\/wp-content\/uploads\/Mensajepascual.jpg\" target=\"_blank\" rel=\"noopener\">Ver archivo adjunto<\/a><\/p>\n","protected":false},"excerpt":{"rendered":"<p>\u00abDios ha vencido el ego?smo y la muerte con las armas del amor; su hijo, Jes?s, es la puerta de la misericordia, abierta de par en par para todos\u00bb, asegur? el Pont?fice tras la bendici?n \u00abUrbi et Orbi\u00bb que lanz? desde el balc?n central de la Bas?lica de San Pedro este mediod?a de Roma.<\/p>\n","protected":false},"author":1,"featured_media":7973,"comment_status":"closed","ping_status":"closed","sticky":false,"template":"","format":"standard","meta":{"footnotes":""},"categories":[9],"tags":[],"class_list":["post-2729","post","type-post","status-publish","format-standard","has-post-thumbnail","hentry","category-noticias"],"_links":{"self":[{"href":"https:\/\/ceas.org.pe\/index.php\/wp-json\/wp\/v2\/posts\/2729","targetHints":{"allow":["GET"]}}],"collection":[{"href":"https:\/\/ceas.org.pe\/index.php\/wp-json\/wp\/v2\/posts"}],"about":[{"href":"https:\/\/ceas.org.pe\/index.php\/wp-json\/wp\/v2\/types\/post"}],"author":[{"embeddable":true,"href":"https:\/\/ceas.org.pe\/index.php\/wp-json\/wp\/v2\/users\/1"}],"replies":[{"embeddable":true,"href":"https:\/\/ceas.org.pe\/index.php\/wp-json\/wp\/v2\/comments?post=2729"}],"version-history":[{"count":1,"href":"https:\/\/ceas.org.pe\/index.php\/wp-json\/wp\/v2\/posts\/2729\/revisions"}],"predecessor-version":[{"id":6489,"href":"https:\/\/ceas.org.pe\/index.php\/wp-json\/wp\/v2\/posts\/2729\/revisions\/6489"}],"wp:featuredmedia":[{"embeddable":true,"href":"https:\/\/ceas.org.pe\/index.php\/wp-json\/wp\/v2\/media\/7973"}],"wp:attachment":[{"href":"https:\/\/ceas.org.pe\/index.php\/wp-json\/wp\/v2\/media?parent=2729"}],"wp:term":[{"taxonomy":"category","embeddable":true,"href":"https:\/\/ceas.org.pe\/index.php\/wp-json\/wp\/v2\/categories?post=2729"},{"taxonomy":"post_tag","embeddable":true,"href":"https:\/\/ceas.org.pe\/index.php\/wp-json\/wp\/v2\/tags?post=2729"}],"curies":[{"name":"wp","href":"https:\/\/api.w.org\/{rel}","templated":true}]}}