{"id":2728,"date":"2016-03-28T11:46:24","date_gmt":"2016-03-28T11:46:24","guid":{"rendered":""},"modified":"2026-03-11T09:12:05","modified_gmt":"2026-03-11T14:12:05","slug":"dolor-y-oracion-del-papa-francisco-por-vil-masacre-en-pakiston","status":"publish","type":"post","link":"https:\/\/ceas.org.pe\/index.php\/2016\/03\/28\/dolor-y-oracion-del-papa-francisco-por-vil-masacre-en-pakiston\/","title":{"rendered":"Dolor y oraci\u00f3n del Papa Francisco por vil masacre en Pakist\u00f3n"},"content":{"rendered":"<p>(RV).- \u00abLa horrible masacre de decenas de inocentes, en el parque de Lahore, proyecta una sombra de tristeza y de angustia sobre la fiesta de Pascua\u00bb, declar\u00f3 el Director de la Oficina de Prensa de la Santa Sede, Padre Federico Lombardi, haciendo hincapi\u00e9 en que \u00abuna vez m\u00e1s, el odio homicida se ensa\u00f1a vilmente con las personas m\u00e1s indefensas\u00bb.<\/p>\n<div>\u00a0<\/div>\n<div>Mientras, un triste balance provisional se\u00f1ala m\u00e1s de 70 muertos y m\u00e1s de 350 heridos, por un atentado suicida, junto a una zona de juego infantil, contra cristianos que celebraban la Pascua, reivindicado por un grupo talib\u00e1n.<\/div>\n<div>\u00a0<\/div>\n<div>\u00abJunto con el Papa \u2013 que fue informado \u2013 rezamos por las v\u00edctimas, estamos cerca de los heridos, de las familias golpeadas, de su inmenso dolor, de los miembros de las minor\u00edas cristianas, golpeadas una vez m\u00e1s por la violencia fan\u00e1tica, en el pueblo paquistan\u00ed herido\u00bb, se\u00f1al\u00f3 asimismo el P. Lombardi. Y a\u00f1adi\u00f3: \u00abcomo el Papa afirm\u00f3 el Domingo de Pascua, a pesar de que permanezcan estas manifestaciones horribles de odio, el Se\u00f1or crucificado por nosotros y resucitado, siga d\u00e1ndonos el necesario coraje y esperanza, para construir caminos de compasi\u00f3n, de solidaridad con los que sufren, de di\u00e1logo, de justicia, de reconciliaci\u00f3n y de paz\u00bb.<\/div>\n<div>\u00a0<\/div>\n<div>\u00a0<\/div>\n<div>Fuente: radiovaticano<\/div>\n<p><a href=\"http:\/\/web.hilo.org.pe\/wp-content\/uploads\/Oracionpapafrancisco.jpg\" target=\"_blank\" rel=\"noopener\">Ver archivo adjunto<\/a><\/p>\n","protected":false},"excerpt":{"rendered":"<p>(RV).- ?La horrible masacre de decenas de inocentes, en el parque de Lahore, proyecta una sombra de tristeza y de angustia sobre la fiesta de Pascua?, declar? el Director de la Oficina de Prensa de la Santa Sede, Padre Federico Lombardi, haciendo hincapi? en que ?una vez m?s, el odio homicida se ensa?a vilmente con las personas m?s indefensas?.<\/p>\n","protected":false},"author":1,"featured_media":7855,"comment_status":"closed","ping_status":"closed","sticky":false,"template":"","format":"standard","meta":{"footnotes":""},"categories":[9],"tags":[],"class_list":["post-2728","post","type-post","status-publish","format-standard","has-post-thumbnail","hentry","category-noticias"],"_links":{"self":[{"href":"https:\/\/ceas.org.pe\/index.php\/wp-json\/wp\/v2\/posts\/2728","targetHints":{"allow":["GET"]}}],"collection":[{"href":"https:\/\/ceas.org.pe\/index.php\/wp-json\/wp\/v2\/posts"}],"about":[{"href":"https:\/\/ceas.org.pe\/index.php\/wp-json\/wp\/v2\/types\/post"}],"author":[{"embeddable":true,"href":"https:\/\/ceas.org.pe\/index.php\/wp-json\/wp\/v2\/users\/1"}],"replies":[{"embeddable":true,"href":"https:\/\/ceas.org.pe\/index.php\/wp-json\/wp\/v2\/comments?post=2728"}],"version-history":[{"count":1,"href":"https:\/\/ceas.org.pe\/index.php\/wp-json\/wp\/v2\/posts\/2728\/revisions"}],"predecessor-version":[{"id":6490,"href":"https:\/\/ceas.org.pe\/index.php\/wp-json\/wp\/v2\/posts\/2728\/revisions\/6490"}],"wp:featuredmedia":[{"embeddable":true,"href":"https:\/\/ceas.org.pe\/index.php\/wp-json\/wp\/v2\/media\/7855"}],"wp:attachment":[{"href":"https:\/\/ceas.org.pe\/index.php\/wp-json\/wp\/v2\/media?parent=2728"}],"wp:term":[{"taxonomy":"category","embeddable":true,"href":"https:\/\/ceas.org.pe\/index.php\/wp-json\/wp\/v2\/categories?post=2728"},{"taxonomy":"post_tag","embeddable":true,"href":"https:\/\/ceas.org.pe\/index.php\/wp-json\/wp\/v2\/tags?post=2728"}],"curies":[{"name":"wp","href":"https:\/\/api.w.org\/{rel}","templated":true}]}}