{"id":2720,"date":"2016-03-16T18:28:27","date_gmt":"2016-03-16T18:28:27","guid":{"rendered":""},"modified":"2026-03-11T09:12:05","modified_gmt":"2026-03-11T14:12:05","slug":"viii-encuentro-regional-de-pastoral-de-migrantes-y-refugiados","status":"publish","type":"post","link":"https:\/\/ceas.org.pe\/index.php\/2016\/03\/16\/viii-encuentro-regional-de-pastoral-de-migrantes-y-refugiados\/","title":{"rendered":"VIII Encuentro Regional de Pastoral de Migrantes y Refugiados"},"content":{"rendered":"<p>En la ciudad de Panam\u00e1, entre el 29 de febrero y el 3 de marzo de 2016, la Conferencia Episcopal de Panam\u00e1 acogi\u00f3 el VIII Encuentro Regional de Pastoral de Migrantes y Refugiados, una iniciativa conjunta de la Iglesia cat\u00f3lica caribe\u00f1a, centroamericana y norteamericana, que comenz\u00f3 hace nueve a\u00f1os, y que en esta oportunidad cont\u00f3 con la participaci\u00f3n de los obispos encargados de la Movilidad Humana de Canad\u00e1, Estados Unidos, M\u00e9xico y de los pa\u00edses de Am\u00e9rica Central y del Caribe, junto con sus referentes, sacerdotes, religiosos y religiosas, laicos y laicas comprometidos.<\/p>\n<div>\u00a0<\/div>\n<div>En esta oportunidad, bajo el lema \u201cEmigrantes y refugiados nos interpelan: la respuesta del Evangelio de la misericordia\u201d, se analizaron las causas, los efectos y las respuestas actuales ante la situaci\u00f3n de los migrantes y refugiados de la regi\u00f3n, a partir de una iluminaci\u00f3n doctrinal, y valorando las experiencias pastorales que se est\u00e1n desarrollando. Asimismo, se identificaron l\u00edneas de acci\u00f3n para fortalecer el intercambio y la coordinaci\u00f3n entre las pastorales de migrantes tanto de los pa\u00edses de origen como de los de tr\u00e1nsito y destino.\u00a0<\/div>\n<div>\u00a0<\/div>\n<div>Entre las diversas tem\u00e1ticas y experiencias compartidas, la presentaci\u00f3n del programa de acompa\u00f1amiento a ni\u00f1os y ni\u00f1as migrantes no acompa\u00f1ados, por parte de la Conferencia Episcopal de los Estados Unidos, gener\u00f3 un particular inter\u00e9s entre los participantes. De igual forma, se compartieron algunos testimonios de migrantes urbanos, \u00a0como el caso de una mujer, habitante de un barrio marginal en la di\u00f3cesis de Ciudad Quezada, en Costa Rica, quien afirm\u00f3 que:<\/div>\n<div>\u00a0<\/div>\n<div>\u00ab\u2026 las personas que vivimos aqu\u00ed somos muy se\u00f1aladas, discriminadas\u2026 dicen que somos gente que mata, que roba, que anda en cosas malas\u2026 si y no\u2026 no es as\u00ed, porque habemos (sic) personas buenas, como hay tambi\u00e9n personas que hacen sus cosas, pero no todos somos iguales, definitivamente hemos sido muy discriminados, en este barrio la gente lo se\u00f1ala mucho, porque uno es pobre\u2026 porque tal vez cocina con le\u00f1a, incluso hay personas que han dicho que uno anda hediondo\u2026 \u00ab<\/div>\n<div>\u00a0<\/div>\n<div>Al concluir el Encuentro, a trav\u00e9s de un comunicado, los participantes manifestaron que \u201clas directrices del A\u00f1o Jubilar de la Misericordia nos ayudan a meditar y nos urgen dar respuestas concretas para apoyar y acompa\u00f1ar a estos hermanos nuestros en su situaci\u00f3n migratoria\u201d.<\/div>\n<div>\u00a0<\/div>\n<div>De manera especial, los agentes de la pastoral de migrantes expresaron su preocupaci\u00f3n ante el incremento de las deportaciones en la regi\u00f3n, en el transcurso de los \u00faltimos a\u00f1os, \u201cque rompen con la unidad familiar, siendo las personas deportadas v\u00edctimas de la violencia sistem\u00e1tica: extorsiones, grupos y personas organizadas para el crimen y tr\u00e1fico de personas, exponi\u00e9ndolos a un doble sufrimiento al regresarlos al mismo seno de abuso que los forz\u00f3 a migrar\u201d.<\/div>\n<div>\u00a0<\/div>\n<div>\u201cPara nosotros la mayor\u00eda de ellos son refugiados que requieren ser reconocidos como tales, porque se ven forzados a migrar e ir en busca de la salvaguarda de su vida\u201d, alertaron los participantes del Encuentro, evocando tambi\u00e9n las palabras del papa Francisco sobre la necesidad de \u201cabrir la puerta a los migrantes y refugiados, de acoger a Dios en ellos\u201d con \u201cojos de misericordia\u201d, reconociendo tambi\u00e9n sus derechos fundamentales a la alimentaci\u00f3n, la salud, la educaci\u00f3n, el trabajo digno, la vivienda y la seguridad ciudadana.<\/div>\n<div>\u00a0<\/div>\n<div>Del mismo modo, fruto del Encuentro, han sido propuestas ocho l\u00edneas de acci\u00f3n:<\/div>\n<div>\u00a0<\/div>\n<div>a) \u00a0Que los obispos, sacerdotes, religiosas y religiosos, laicos comprometidos y personas de buena voluntad contin\u00faen cultivando y promoviendo la cultura del encuentro, la hospitalidad y la acogida fraterna.<\/div>\n<div>\u00a0<\/div>\n<div>b) \u00a0Que sea respetada la dignidad de las personas migrantes y refugiadas y cesen las actitudes y los discursos que exaltan \u201cla discriminaci\u00f3n, el racismo, el nacionalismo extremo y la xenofobia\u201d.<\/div>\n<div>\u00a0<\/div>\n<div>c) \u00a0Que haya alternativas a las detenciones y deportaciones de ni\u00f1os, ni\u00f1as y adolescentes migrantes, principalmente a aquellos con necesidad de protecci\u00f3n internacional.<\/div>\n<div>\u00a0<\/div>\n<div>d) \u00a0Que en los pa\u00edses de origen, tr\u00e1nsito y destino se reconozca la violencia generalizada como una de las principales causas de la emigraci\u00f3n irregular.<\/div>\n<div>\u00a0<\/div>\n<div>e) \u00a0Urgimos la creaci\u00f3n de protocolos regionales para la atenci\u00f3n, asistencia y protecci\u00f3n a ni\u00f1os, ni\u00f1as y adolescentes migrantes.<\/div>\n<div>\u00a0<\/div>\n<div>f) \u00a0Que los gobiernos garanticen el ejercicio de los derechos laborales de los trabajadores migrantes.<\/div>\n<div>\u00a0<\/div>\n<div>g) \u00a0Que las autoridades hagan lo necesario para garantizar la unidad de las familias migrantes.<\/div>\n<div>\u00a0<\/div>\n<div>h) \u00a0Que los gobiernos garanticen el debido proceso de los migrantes que son detenidos por largos periodos de tiempo antes de ser deportados.<\/div>\n<div>\u00a0<\/div>\n<div>Descargue, a continuaci\u00f3n, el <a href=\"http:\/\/www.celam.org\/noticelam\/docs\/20160315_movilidad.pdf\" target=\"_blank\">Comunicado del VIII Encuentro Regional de Pastoral de Migrantes y Refugiados.<\/a><\/div>\n<div>\u00a0<\/div>\n<div>\u00a0<\/div>\n<div>\u00a0<\/div>\n<div>Autor: \u00d3scar Elizalde Prada<\/div>\n<div>Fuentes: Mario Serrano Marte, sj y Pastoral de Movilidad Humana Panam\u00e1<\/div>\n<div>Foto: Pastoral de Movilidad Humana \u2013 Panam\u00e1<\/div>\n<p><a href=\"http:\/\/web.hilo.org.pe\/wp-content\/uploads\/Migrantesyrefugiados.jpg\" target=\"_blank\" rel=\"noopener\">Ver archivo adjunto<\/a><\/p>\n","protected":false},"excerpt":{"rendered":"<p>En la ciudad de Panam?, entre el 29 de febrero y el 3 de marzo de 2016, la Conferencia Episcopal de Panam? acogi? el VIII Encuentro Regional de Pastoral de Migrantes y Refugiados, una iniciativa conjunta de la Iglesia cat?lica caribe?a, centroamericana y norteamericana, que comenz? hace nueve a?os, y que en esta oportunidad cont? con la participaci?n de los obispos encargados de la Movilidad Humana de Canad?, Estados Unidos, M?xico y de los pa?ses de Am?rica Central y del Caribe, junto con sus referentes, sacerdotes, religiosos y religiosas, laicos y laicas comprometidos.<\/p>\n","protected":false},"author":1,"featured_media":7862,"comment_status":"closed","ping_status":"closed","sticky":false,"template":"","format":"standard","meta":{"footnotes":""},"categories":[9],"tags":[],"class_list":["post-2720","post","type-post","status-publish","format-standard","has-post-thumbnail","hentry","category-noticias"],"_links":{"self":[{"href":"https:\/\/ceas.org.pe\/index.php\/wp-json\/wp\/v2\/posts\/2720","targetHints":{"allow":["GET"]}}],"collection":[{"href":"https:\/\/ceas.org.pe\/index.php\/wp-json\/wp\/v2\/posts"}],"about":[{"href":"https:\/\/ceas.org.pe\/index.php\/wp-json\/wp\/v2\/types\/post"}],"author":[{"embeddable":true,"href":"https:\/\/ceas.org.pe\/index.php\/wp-json\/wp\/v2\/users\/1"}],"replies":[{"embeddable":true,"href":"https:\/\/ceas.org.pe\/index.php\/wp-json\/wp\/v2\/comments?post=2720"}],"version-history":[{"count":1,"href":"https:\/\/ceas.org.pe\/index.php\/wp-json\/wp\/v2\/posts\/2720\/revisions"}],"predecessor-version":[{"id":6498,"href":"https:\/\/ceas.org.pe\/index.php\/wp-json\/wp\/v2\/posts\/2720\/revisions\/6498"}],"wp:featuredmedia":[{"embeddable":true,"href":"https:\/\/ceas.org.pe\/index.php\/wp-json\/wp\/v2\/media\/7862"}],"wp:attachment":[{"href":"https:\/\/ceas.org.pe\/index.php\/wp-json\/wp\/v2\/media?parent=2720"}],"wp:term":[{"taxonomy":"category","embeddable":true,"href":"https:\/\/ceas.org.pe\/index.php\/wp-json\/wp\/v2\/categories?post=2720"},{"taxonomy":"post_tag","embeddable":true,"href":"https:\/\/ceas.org.pe\/index.php\/wp-json\/wp\/v2\/tags?post=2720"}],"curies":[{"name":"wp","href":"https:\/\/api.w.org\/{rel}","templated":true}]}}