{"id":2715,"date":"2016-03-14T12:55:55","date_gmt":"2016-03-14T12:55:55","guid":{"rendered":""},"modified":"2026-03-11T09:12:05","modified_gmt":"2026-03-11T14:12:05","slug":"elecciones-2016-piden-a-candidatos-comprometerse-a-favor-de-la-nioez","status":"publish","type":"post","link":"https:\/\/ceas.org.pe\/index.php\/2016\/03\/14\/elecciones-2016-piden-a-candidatos-comprometerse-a-favor-de-la-nioez\/","title":{"rendered":"Elecciones 2016: piden a candidatos comprometerse a favor de la ni\u00f3ez"},"content":{"rendered":"<p>Unicef, Defensor\u00eda del Pueblo y la Sociedad Nacional de Radio y Televisi\u00f3n se han propuesto posicionar el tema de la ni\u00f1ez en la agenda pol\u00edtica nacional del pr\u00f3ximo gobierno. Para eso est\u00e1n buscando que los aspirantes al sill\u00f3n presidencial se comprometan por escrito con la ejecuci\u00f3n de cinco puntos que han recomendado ejecutar en favor de la ni\u00f1ez peruana.<\/p>\n<p>Estos tienen que ver, primero, con asegurar el desarrollo integral de los ni\u00f1os, ni\u00f1as y adolescentes. Por ejemplo, reducir la anemia en el cien por ciento de ni\u00f1os del pa\u00eds, disminuir la desnutrici\u00f3n cr\u00f3nica infantil y el embarazo en adolescentes, adem\u00e1s de lograr que los hogares peruanos dispongan de agua y saneamiento.\u00a0<\/p>\n<div>\u00a0<\/div>\n<div>Segundo, garantizar la culminaci\u00f3n oportuna de la educaci\u00f3n primaria y secundaria para todos los ni\u00f1os.\u00a0<\/div>\n<div>\u00a0<\/div>\n<div>Tercero, tener profesores altamente capacitados, que hablen la lengua materna de los ni\u00f1os y conozcan su cultura. Esto en el marco de la educaci\u00f3n intercultural biling\u00fce.\u00a0<\/div>\n<div>El cuarto punto busca garantizar que ni\u00f1os, ni\u00f1as y adolescentes crezcan libre de violencia y tambi\u00e9n de explotaci\u00f3n sexual, laboral o de trata de personas.\u00a0<\/div>\n<div>\u00a0<\/div>\n<div>La \u00faltima recomendaci\u00f3n de Unicef se refiere a que los ni\u00f1os y ni\u00f1as que nacen en el Per\u00fa vivan en familia, de manera que se reduzca el n\u00famero de ni\u00f1os que viven en albergues, donde actualmente moran cerca de siete mil ni\u00f1os.\u00a0<\/div>\n<div>\u00a0<\/div>\n<div>\u201cLo que se pretende es que todos esos ni\u00f1os puedan vivir en familia\u201d, explic\u00f3 Mar\u00eda Luisa Fornara, representante de Unicef en el Per\u00fa.<\/div>\n<div>\u00a0<\/div>\n<div>Claves<\/div>\n<div>\u00a0<\/div>\n<div>Mar\u00eda Luisa Fornara subray\u00f3 la importancia de que estas cinco recomendaciones tengan presupuesto.\u00a0<\/div>\n<div>Reconoci\u00f3 que el Estado haya elevado a 24% el presupuesto en favor de la ni\u00f1ez. Pidi\u00f3 preservarlo y no reducirlo ante una eventual crisis econ\u00f3mica.\u00a0<\/div>\n<div>\u00a0<\/div>\n<div>Fuente: larepublica.pe<\/div>\n<p><a href=\"http:\/\/web.hilo.org.pe\/wp-content\/uploads\/Candidatos.jpg\" target=\"_blank\" rel=\"noopener\">Ver archivo adjunto<\/a><\/p>\n","protected":false},"excerpt":{"rendered":"<p>Unicef, Defensor?a del Pueblo y la Sociedad Nacional de Radio y Televisi?n se han propuesto posicionar el tema de la ni?ez en la agenda pol?tica nacional del pr?ximo gobierno.<\/p>\n","protected":false},"author":1,"featured_media":7905,"comment_status":"closed","ping_status":"closed","sticky":false,"template":"","format":"standard","meta":{"footnotes":""},"categories":[9],"tags":[],"class_list":["post-2715","post","type-post","status-publish","format-standard","has-post-thumbnail","hentry","category-noticias"],"_links":{"self":[{"href":"https:\/\/ceas.org.pe\/index.php\/wp-json\/wp\/v2\/posts\/2715","targetHints":{"allow":["GET"]}}],"collection":[{"href":"https:\/\/ceas.org.pe\/index.php\/wp-json\/wp\/v2\/posts"}],"about":[{"href":"https:\/\/ceas.org.pe\/index.php\/wp-json\/wp\/v2\/types\/post"}],"author":[{"embeddable":true,"href":"https:\/\/ceas.org.pe\/index.php\/wp-json\/wp\/v2\/users\/1"}],"replies":[{"embeddable":true,"href":"https:\/\/ceas.org.pe\/index.php\/wp-json\/wp\/v2\/comments?post=2715"}],"version-history":[{"count":1,"href":"https:\/\/ceas.org.pe\/index.php\/wp-json\/wp\/v2\/posts\/2715\/revisions"}],"predecessor-version":[{"id":6503,"href":"https:\/\/ceas.org.pe\/index.php\/wp-json\/wp\/v2\/posts\/2715\/revisions\/6503"}],"wp:featuredmedia":[{"embeddable":true,"href":"https:\/\/ceas.org.pe\/index.php\/wp-json\/wp\/v2\/media\/7905"}],"wp:attachment":[{"href":"https:\/\/ceas.org.pe\/index.php\/wp-json\/wp\/v2\/media?parent=2715"}],"wp:term":[{"taxonomy":"category","embeddable":true,"href":"https:\/\/ceas.org.pe\/index.php\/wp-json\/wp\/v2\/categories?post=2715"},{"taxonomy":"post_tag","embeddable":true,"href":"https:\/\/ceas.org.pe\/index.php\/wp-json\/wp\/v2\/tags?post=2715"}],"curies":[{"name":"wp","href":"https:\/\/api.w.org\/{rel}","templated":true}]}}