{"id":2711,"date":"2016-03-10T18:07:27","date_gmt":"2016-03-10T18:07:27","guid":{"rendered":""},"modified":"2026-03-11T09:12:05","modified_gmt":"2026-03-11T14:12:05","slug":"francisco-es-cada-vez-mos-un-loder-moral-del-planeta","status":"publish","type":"post","link":"https:\/\/ceas.org.pe\/index.php\/2016\/03\/10\/francisco-es-cada-vez-mos-un-loder-moral-del-planeta\/","title":{"rendered":"\u00abFrancisco es cada vez m\u00f3s un l\u00f3der moral del planeta\u00bb"},"content":{"rendered":"<p>(RV).- El pr\u00f3ximo domingo se cumplen tres a\u00f1os de la elecci\u00f3n a la C\u00e1tedra de Pedro de Jorge Mario Bergoglio. Este tercer a\u00f1o de Pontificado, que comenz\u00f3 con el anuncio del Jubileo de la Misericordia el 13 de marzo de 2015, tambi\u00e9n ha sido muy intenso y ha tenido momentos de enorme significado para la vida de la iglesia, y no solo. El padre Federico Lombardi traza un balance al respecto y describe tambi\u00e9n los desaf\u00edos que Francisco est\u00e1 afrontando en este momento.<\/p>\n<div>\u00a0<\/div>\n<div>Tengo la impresi\u00f3n de que est\u00e1 creciendo la autoridad del Papa como maestro de la humanidad, de la Iglesia y de la humanidad, en una perspectiva global. Porque durante este a\u00f1o el Papa ha tocado pr\u00e1cticamente todos los continentes, a excepci\u00f3n de Ocean\u00eda. Est\u00e1 presente en un horizonte global y trata con autoridad las cuestiones de la humanidad y de la Iglesia de hoy. Habla sobre los temas de la paz y de la guerra, que afectan verdaderamente a todos; habla sobre los grandes temas de las sociedades actuales en el contexto de la globalizaci\u00f3n, la cultura del descarte, la justicia y la participaci\u00f3n. En la enc\u00edclica Laudado si, en particular, logr\u00f3 dar una visi\u00f3n de conjunto sobre las cuestiones urgentes y cruciales de la humanidad de hoy y de la humanidad del ma\u00f1ana. Este es el aspecto que yo noto, es decir que la humanidad ve a Papa Francisco como una persona que le ayuda a encontrar una orientaci\u00f3n, a encontrar mensajes de referencia en una situaci\u00f3n que, en muchos aspectos, es de gran incertidumbre. Entonces, es un l\u00edder cre\u00edble, un maestro cre\u00edble, que, al hacer su servicio (que es de car\u00e1cter espec\u00edficamente religioso y moral) da una ayuda eficaz; es escuchado por los poderosos de esta tierra. Y los poderosos y los pobres son igualmente importantes y necesarios para ver el camino de la humanidad hacia el ma\u00f1ana.<\/div>\n<div>\u00a0<\/div>\n<div>La misericordia, obviamente, es el coraz\u00f3n de este tercer a\u00f1o de Pontificado o \u00bftal vez tendr\u00edamos que decir de todo el ministerio de Francisco? \u00bfCu\u00e1les son los rasgos m\u00e1s fuertes que, en su opini\u00f3n, el Papa est\u00e1 imprimiendo a este Jubileo?<\/div>\n<div>\u00a0<\/div>\n<div>En efecto, creo que este tema del anuncio del amor de Dios, bajo esta palabra espec\u00edfica de la misericordia, este anuncio de la presencia y de la cercan\u00eda del amor de Dios es la caracter\u00edstica desde el principio mismos de su Pontificado. Y ha encontrado esta forma, digamos, nueva y original, de un Jubileo que es un Jubileo extendido por el mundo. No es un Jubileo centralizado: Roma est\u00e1 como coraz\u00f3n natural del camino de la Iglesia, pero la misericordia de Dios puede ser encontrada pasando a trav\u00e9s de puertas que se encuentran en todos los lugares del mundo. El llamado a las obras de misericordia materiales y espirituales tambi\u00e9n da una gran concreci\u00f3n a esa atenci\u00f3n por los pobres, por las periferias, por las personas descartadas y objeto de marginaci\u00f3n, a las que el Papa siempre ha dedicado su atenci\u00f3n, porque son el centro de la atenci\u00f3n de Cristo y del Evangelio. Entonces, dir\u00eda que con este Jubileo estamos justamente en el coraz\u00f3n espiritual de este Pontificado, que es un Pontificado de una espiritualidad nada descarnada, porque se traduce inmediatamente en las obras de caridad.<\/div>\n<div>\u00a0<\/div>\n<div>\u00a0\u00a0<\/div>\n<div>Recordando momentos de este tercer a\u00f1o de Pontificado, muchos se sorprendieron con el \u00c1ngelus del 8 de noviembre pasado, cuando Francisco afirm\u00f3 que el llamado vatileaks 2 no lo distrae de su trabajo de reforma, que sigue adelante con confianza. \u00bfPor qu\u00e9 es tan importante para el Papa este punto, la reforma?<\/div>\n<div>\u00a0<\/div>\n<div>La reforma es una tarea permanente en la Iglesia (\u00abEcclesia semper reformanda\u00bb), y esto porque nadie puede pensar que es perfecta y establemente fiel al Evangelio del Se\u00f1or y a sus exigencias tan profundas y dif\u00edciles. El Papa, en particular, proviniendo del fin del mundo, es decir desde una perspectiva nueva, tambi\u00e9n tiene una capacidad para ver y aprovechar las expectativas de renovaci\u00f3n de la Iglesia y de sus estructuras de gobierno en funci\u00f3n de la misi\u00f3n universal, y para salir al encuentro de las exigencias de la Iglesia en las diferentes partes del mundo. Esta es una tarea que el Papa sabe que le han encomendado incluso los cardenales, cuando lo eligieron Papa: durante las Congregaciones generales, antes del C\u00f3nclave, lo dijeron y el Papa lo sabe. Pero lo hace con una perspectiva espiritual muy caracter\u00edstica y muy importante para comprender bien lo que hace: en un clima de continua b\u00fasqueda y de obediencia al Esp\u00edritu Santo que lo gu\u00eda para afrontar, uno por uno, los problemas de los que se trata en esp\u00edritu y obediencia al Evangelio, con confianza, con esperanza y con gran libertad. Los S\u00ednodos son caracter\u00edsticos de esta actitud, y haber afrontado un tema central como el de la familia en los S\u00ednodos significa justamente este deseo de ir con confianza y con valent\u00eda al coraz\u00f3n de las grandes cuestiones pastorales sobre puntos cualificantes de la vida cristiana, encarnada en la cotidianidad, dej\u00e1ndose interrogar por los problemas que plantea el tiempo presente, pero siempre bajo la gu\u00eda del Evangelio.<\/div>\n<div>\u00a0<\/div>\n<div>Este a\u00f1o, a pesar de la gran popularidad, no han faltado tampoco las cr\u00edticas contra el Papa. E incluso de ambientes cat\u00f3licos. \u00bfC\u00f3mo se lo explica?<\/div>\n<div>\u00a0<\/div>\n<div>Me lo explico bastante f\u00e1cil con el hecho de que caminar en terrenos nuevos, tratar de responder a cuestiones que son planteadas con enorme urgencia por un mundo que est\u00e1 cambiando, es algo que, naturalmente, provoca ciertas preocupaciones, provoca temor, provoca incertidumbre; se camina sobre un campo que, por diferentes motivos, es oscuro. Por ello, moverse con valent\u00eda, aferr\u00e1ndose principalmente a la fe y a la esperanza, a la convicci\u00f3n de que el Esp\u00edritu Santo acompa\u00f1a a la Iglesia para poner en pr\u00e1ctica la voluntad de Dios en el tiempo nuevo, no es tan f\u00e1cil. Papa Francisco es un maestro en esto, sin duda, que nos gu\u00eda con valent\u00eda y realismo. \u00c9l mismo a veces dice que al poner en marcha a la Iglesia no sabe claramente cu\u00e1l es el punto de llegada y cu\u00e1l el plan de conjunto que hay que alcanzar. No, \u00e9l sabe que hay que ponerse en marcha, pero a menudo sin saber exactamente por d\u00f3nde. Esta es la condici\u00f3n de Abraham, la condici\u00f3n del camino en la fe desde siempre.<\/div>\n<div>\u00a0<\/div>\n<div>Entre todos los momentos e im\u00e1genes de este tercer a\u00f1o de Pontificado, \u00bfcu\u00e1l recuerda con particular emoci\u00f3n?<\/div>\n<div>\u00a0<\/div>\n<div>Hay muchos&#8230; Es un Pontificado tan infinitamente rico de gestos concretos (y por lo mismo de im\u00e1genes particulares), que identificar uno&#8230; no s\u00e9, no puedo. Pero hay una categor\u00eda, si queremos, de experiencias (y por lo tanto tambi\u00e9n de gestos y de im\u00e1genes) que me conmueve y que se caracteriza por la atenci\u00f3n por los enfermos, abrazar a los que sufren. El hecho de que el Papa sepa manifestar de manera tan concreta, tan libre, incluso con gestos f\u00edsicos, su cercan\u00eda es un signo que deja ver la cercan\u00eda de Dios. Son gestos que hablan verdaderamente a toda la humanidad y que nos conmueven profundamente. Le estamos muy agradecidos.<\/div>\n<div>\u00a0<\/div>\n<div>Fuente: periodistadigital.com<\/div>\n<p><a href=\"http:\/\/web.hilo.org.pe\/wp-content\/uploads\/federico-lombardi_560x280.jpg\" target=\"_blank\" rel=\"noopener\">Ver archivo adjunto<\/a><\/p>\n","protected":false},"excerpt":{"rendered":"<p>(RV).- El pr?ximo domingo se cumplen tres a?os de la elecci?n a la C?tedra de Pedro de Jorge Mario Bergoglio. Este tercer a?o de Pontificado, que comenz? con el anuncio del Jubileo de la Misericordia el 13 de marzo de 2015, tambi?n ha sido muy intenso y ha tenido momentos de enorme significado para la vida de la iglesia, y no solo.<\/p>\n","protected":false},"author":1,"featured_media":7855,"comment_status":"closed","ping_status":"closed","sticky":false,"template":"","format":"standard","meta":{"footnotes":""},"categories":[9],"tags":[],"class_list":["post-2711","post","type-post","status-publish","format-standard","has-post-thumbnail","hentry","category-noticias"],"_links":{"self":[{"href":"https:\/\/ceas.org.pe\/index.php\/wp-json\/wp\/v2\/posts\/2711","targetHints":{"allow":["GET"]}}],"collection":[{"href":"https:\/\/ceas.org.pe\/index.php\/wp-json\/wp\/v2\/posts"}],"about":[{"href":"https:\/\/ceas.org.pe\/index.php\/wp-json\/wp\/v2\/types\/post"}],"author":[{"embeddable":true,"href":"https:\/\/ceas.org.pe\/index.php\/wp-json\/wp\/v2\/users\/1"}],"replies":[{"embeddable":true,"href":"https:\/\/ceas.org.pe\/index.php\/wp-json\/wp\/v2\/comments?post=2711"}],"version-history":[{"count":1,"href":"https:\/\/ceas.org.pe\/index.php\/wp-json\/wp\/v2\/posts\/2711\/revisions"}],"predecessor-version":[{"id":6507,"href":"https:\/\/ceas.org.pe\/index.php\/wp-json\/wp\/v2\/posts\/2711\/revisions\/6507"}],"wp:featuredmedia":[{"embeddable":true,"href":"https:\/\/ceas.org.pe\/index.php\/wp-json\/wp\/v2\/media\/7855"}],"wp:attachment":[{"href":"https:\/\/ceas.org.pe\/index.php\/wp-json\/wp\/v2\/media?parent=2711"}],"wp:term":[{"taxonomy":"category","embeddable":true,"href":"https:\/\/ceas.org.pe\/index.php\/wp-json\/wp\/v2\/categories?post=2711"},{"taxonomy":"post_tag","embeddable":true,"href":"https:\/\/ceas.org.pe\/index.php\/wp-json\/wp\/v2\/tags?post=2711"}],"curies":[{"name":"wp","href":"https:\/\/api.w.org\/{rel}","templated":true}]}}