{"id":2707,"date":"2016-03-07T10:03:04","date_gmt":"2016-03-07T10:03:04","guid":{"rendered":""},"modified":"2026-03-11T09:12:05","modified_gmt":"2026-03-11T14:12:05","slug":"actividades-por-51-aniversario-de-ceas","status":"publish","type":"post","link":"https:\/\/ceas.org.pe\/index.php\/2016\/03\/07\/actividades-por-51-aniversario-de-ceas\/","title":{"rendered":"Actividades por 51 aniversario de CEAS"},"content":{"rendered":"<div>El pr\u00f3ximo 11 de marzo, celebrando los 51 a\u00f1os de creaci\u00f3n, la Comisi\u00f3n Episcopal de Acci\u00f3n Social \u2013 CEAS realizar\u00e1 un conversatorio, que tendr\u00e1 como tema: \u201cLa agenda pendiente en Pol\u00edtica Penitenciaria\u201d.<\/div>\n<div>\u00a0<\/div>\n<div>El evento se realizar\u00e1 a partir de las 9:30 a.m., en el auditorio de la Conferencia Episcopal Peruana (Jr. Estados Unidos 838), en Jes\u00fas Mar\u00eda, y contar\u00e1 con la presencia de destacados invitados, como: Monse\u00f1or Jorge Izaguirre Rafael, Obispo Prelado de Chuquibamba. Tambi\u00e9n estar\u00e1n presentes el Sr. Julio C\u00e9sar Mag\u00e1n Zevallos, Presidente del Consejo Nacional Penitenciario; Cesar C\u00e1rdenas Lizarbe, Responsable del Programa de Asuntos Penales y Penitenciarios, del Instituto Nacional Penitenciario; Miguel Huerta, de la Comisi\u00f3n de Derechos Humanos; y la Sra. Marisol P\u00e9rez Tello, Congresista de la Rep\u00fablica<\/div>\n<div>\u00a0<\/div>\n<div>La Comisi\u00f3n Episcopal de Acci\u00f3n Social -CEAS- fue creada el 11 de marzo de 1965, en el marco del Concilio de Vaticano II, a\u00f1o de la promulgaci\u00f3n de la Constituci\u00f3n Pastoral sobre la Iglesia en el mundo, conocida por sus primeras palabras \u201cAlegr\u00eda y Esperanza\u201d, \u201cGaudium et spes\u201d en lat\u00edn. CEAS, es un \u00f3rgano de servicio de la Conferencia Episcopal Peruana, para la defensa y promoci\u00f3n de los derechos humanos desde el Evangelio y la Doctrina Social de la Iglesia. Participa en la animaci\u00f3n, asesor\u00eda, promoci\u00f3n y coordinaci\u00f3n de la Pastoral Social a nivel Nacional. (Fuente: CEP)<\/div>\n<div>\u00a0<\/div>\n<p><a href=\"http:\/\/web.hilo.org.pe\/wp-content\/uploads\/logo CEAS.gif\" target=\"_blank\" rel=\"noopener\">Ver archivo adjunto<\/a><\/p>\n","protected":false},"excerpt":{"rendered":"<p>El pr?ximo 11 de marzo, celebrando los 51 a?os de creaci?n, la Comisi?n Episcopal de Acci?n Social ? CEAS realizar? un conversatorio, que tendr? como tema: ?La agenda pendiente en Pol?tica Penitenciaria?.<\/p>\n","protected":false},"author":1,"featured_media":7992,"comment_status":"closed","ping_status":"closed","sticky":false,"template":"","format":"standard","meta":{"footnotes":""},"categories":[9],"tags":[],"class_list":["post-2707","post","type-post","status-publish","format-standard","has-post-thumbnail","hentry","category-noticias"],"_links":{"self":[{"href":"https:\/\/ceas.org.pe\/index.php\/wp-json\/wp\/v2\/posts\/2707","targetHints":{"allow":["GET"]}}],"collection":[{"href":"https:\/\/ceas.org.pe\/index.php\/wp-json\/wp\/v2\/posts"}],"about":[{"href":"https:\/\/ceas.org.pe\/index.php\/wp-json\/wp\/v2\/types\/post"}],"author":[{"embeddable":true,"href":"https:\/\/ceas.org.pe\/index.php\/wp-json\/wp\/v2\/users\/1"}],"replies":[{"embeddable":true,"href":"https:\/\/ceas.org.pe\/index.php\/wp-json\/wp\/v2\/comments?post=2707"}],"version-history":[{"count":1,"href":"https:\/\/ceas.org.pe\/index.php\/wp-json\/wp\/v2\/posts\/2707\/revisions"}],"predecessor-version":[{"id":6511,"href":"https:\/\/ceas.org.pe\/index.php\/wp-json\/wp\/v2\/posts\/2707\/revisions\/6511"}],"wp:featuredmedia":[{"embeddable":true,"href":"https:\/\/ceas.org.pe\/index.php\/wp-json\/wp\/v2\/media\/7992"}],"wp:attachment":[{"href":"https:\/\/ceas.org.pe\/index.php\/wp-json\/wp\/v2\/media?parent=2707"}],"wp:term":[{"taxonomy":"category","embeddable":true,"href":"https:\/\/ceas.org.pe\/index.php\/wp-json\/wp\/v2\/categories?post=2707"},{"taxonomy":"post_tag","embeddable":true,"href":"https:\/\/ceas.org.pe\/index.php\/wp-json\/wp\/v2\/tags?post=2707"}],"curies":[{"name":"wp","href":"https:\/\/api.w.org\/{rel}","templated":true}]}}