{"id":2702,"date":"2016-03-03T19:05:06","date_gmt":"2016-03-03T19:05:06","guid":{"rendered":""},"modified":"2026-03-11T09:12:05","modified_gmt":"2026-03-11T14:12:05","slug":"impulsan-proyecto-de-mejora-de-la-gestion-ambiental-de-las-actividades-minero-energoticos-en-el-pero","status":"publish","type":"post","link":"https:\/\/ceas.org.pe\/index.php\/2016\/03\/03\/impulsan-proyecto-de-mejora-de-la-gestion-ambiental-de-las-actividades-minero-energoticos-en-el-pero\/","title":{"rendered":"Impulsan proyecto de mejora de la gesti\u00f3n ambiental de las actividades minero-energ\u00f3ticos en el Per\u00f3"},"content":{"rendered":"<p>Lima, 02 de marzo de 2016. Con el objetivo de contribuir al desarrollo del pa\u00eds en la protecci\u00f3n del medio ambiente y brindar asistencia t\u00e9cnica a las actividades minero energ\u00e9tico; el Ministerio del Ambiente y la Embajada de Canad\u00e1 presentaron hoy el proyecto Mejora de la Gesti\u00f3n Ambiental de las Actividades Minero-energ\u00e9ticos en el Per\u00fa \u2013 Megam, que tendr\u00e1 una duraci\u00f3n de seis a\u00f1os (2016-2021) y buscar\u00e1 mejorar los procesos de eficiencia y acercamiento con diversos actores, sociedad civil y empresas privadas.<\/p>\n<div>\u00a0<\/div>\n<div>El viceministro de Gesti\u00f3n Ambiental, Mariano Castro S\u00e1nchez-Moreno, inform\u00f3 que la Direcci\u00f3n General de Pol\u00edticas, Normas e Instrumentos de Gesti\u00f3n Ambiental \u2013 DGPNIGA ser\u00e1 la responsable de ejecutar las acciones de este proyecto por parte del MINAM y subray\u00f3 la necesidad de este tipo de proyectos para mejorar la administraci\u00f3n de protecci\u00f3n del ambiente.<\/div>\n<div>\u00a0<\/div>\n<div>Agreg\u00f3 que en este proyecto tambi\u00e9n participaran el OEFA, Senace, el Ministerio de Energ\u00eda y Minas y la ANA en la b\u00fasqueda de mejorar la eficiencia del proceso de aprobaci\u00f3n de los Estudios de Impacto Ambiental, pero con la participaci\u00f3n de todas las partes involucradas.<\/div>\n<div>\u00a0<\/div>\n<div>Por su parte, Raquel Soto, directora de DGPNIGA, precis\u00f3 que al final del proyecto se espera tener como resultado un marco normativo transparente y eficiente, mejorar la calidad de coordinaci\u00f3n e intercambio y mejorar la gesti\u00f3n interna y mayor capacidad operativa no solo de los organismos adscritos, sino tambi\u00e9n de las regiones seleccionadas para la ejecuci\u00f3n de este proyecto y que ser\u00e1n seis en total.<\/div>\n<div>\u00a0<\/div>\n<div>Fuente: minam.gob.pe<\/div>\n<p><a href=\"http:\/\/web.hilo.org.pe\/wp-content\/uploads\/proyecto sobre mejora de gestion ambiental.jpg\" target=\"_blank\" rel=\"noopener\">Ver archivo adjunto<\/a><\/p>\n","protected":false},"excerpt":{"rendered":"<p>Lima, 02 de marzo de 2016. Con el objetivo de contribuir al desarrollo del pa?s en la protecci?n del medio ambiente y brindar asistencia t?cnica a las actividades minero energ?tico; el Ministerio del Ambiente y la Embajada de Canad? presentaron hoy el proyecto Mejora de la Gesti?n Ambiental de las Actividades Minero-energ?ticos en el Per? ? Megam, que tendr? una duraci?n de seis a?os (2016-2021) y buscar? mejorar los procesos de eficiencia y acercamiento con diversos actores, sociedad civil y empresas privadas.<\/p>\n","protected":false},"author":1,"featured_media":0,"comment_status":"closed","ping_status":"closed","sticky":false,"template":"","format":"standard","meta":{"footnotes":""},"categories":[9],"tags":[],"class_list":["post-2702","post","type-post","status-publish","format-standard","hentry","category-noticias"],"_links":{"self":[{"href":"https:\/\/ceas.org.pe\/index.php\/wp-json\/wp\/v2\/posts\/2702","targetHints":{"allow":["GET"]}}],"collection":[{"href":"https:\/\/ceas.org.pe\/index.php\/wp-json\/wp\/v2\/posts"}],"about":[{"href":"https:\/\/ceas.org.pe\/index.php\/wp-json\/wp\/v2\/types\/post"}],"author":[{"embeddable":true,"href":"https:\/\/ceas.org.pe\/index.php\/wp-json\/wp\/v2\/users\/1"}],"replies":[{"embeddable":true,"href":"https:\/\/ceas.org.pe\/index.php\/wp-json\/wp\/v2\/comments?post=2702"}],"version-history":[{"count":1,"href":"https:\/\/ceas.org.pe\/index.php\/wp-json\/wp\/v2\/posts\/2702\/revisions"}],"predecessor-version":[{"id":6516,"href":"https:\/\/ceas.org.pe\/index.php\/wp-json\/wp\/v2\/posts\/2702\/revisions\/6516"}],"wp:attachment":[{"href":"https:\/\/ceas.org.pe\/index.php\/wp-json\/wp\/v2\/media?parent=2702"}],"wp:term":[{"taxonomy":"category","embeddable":true,"href":"https:\/\/ceas.org.pe\/index.php\/wp-json\/wp\/v2\/categories?post=2702"},{"taxonomy":"post_tag","embeddable":true,"href":"https:\/\/ceas.org.pe\/index.php\/wp-json\/wp\/v2\/tags?post=2702"}],"curies":[{"name":"wp","href":"https:\/\/api.w.org\/{rel}","templated":true}]}}