{"id":2700,"date":"2016-03-02T12:45:02","date_gmt":"2016-03-02T12:45:02","guid":{"rendered":""},"modified":"2026-03-11T09:12:05","modified_gmt":"2026-03-11T14:12:05","slug":"coritas-participa-en-proyecto-para-prevenir-efectos-de-el-nioo","status":"publish","type":"post","link":"https:\/\/ceas.org.pe\/index.php\/2016\/03\/02\/coritas-participa-en-proyecto-para-prevenir-efectos-de-el-nioo\/","title":{"rendered":"C\u00f3ritas participa en proyecto para prevenir efectos de El Ni\u00f3o"},"content":{"rendered":"<p>M\u00e1s de 75,000 personas de Tumbes, Piura, Lambayeque y La Libertad estar\u00e1n mejor organizadas y preparadas ante el Fen\u00f3meno de El Ni\u00f1o (FEN) gracias al apoyo de la Agencia de los Estados Unidos para el Desarrollo Internacional (USAID).<\/p>\n<p>En este contexto, la iniciativa \u201cFortaleciendo la Preparaci\u00f3n ante el Fen\u00f3meno del Ni\u00f1o\u201dse centra en las necesidades de techo \u00a0a consecuencias de inundaciones o deslizamientos provocados por lluvias intensas, teniendo muy en cuenta el suministro de agua, el saneamiento y la promoci\u00f3n de higiene durante emergencias; con especial \u00e9nfasis \u00a0en la preparaci\u00f3n, capacitaci\u00f3n y participaci\u00f3n de las personas m\u00e1s vulnerables al momento de una emergencia: personas con discapacidad, adultos mayores, mujeres gestantes , ni\u00f1os, ni\u00f1as y adolescentes.<\/p>\n<div>\u00a0<\/div>\n<div>Las ONGs integrantes del consorcio, quienes implementar\u00e1n el proyecto seg\u00fan su zona de intervenci\u00f3n, son: Care, Coopi, C\u00e1ritas del Per\u00fa, Predes, Save The Children, Adra, Soluciones Pr\u00e1cticas y World Vision Per\u00fa, todas miembros activos de la Red Humanitaria Nacional.<\/div>\n<div>\u00a0<\/div>\n<div>Estas organizaciones trabajar\u00e1n con 5 sectores o componentes: Pol\u00edtica y Pr\u00e1ctica de Gesti\u00f3n de Riesgo; Coordinaci\u00f3n Humanitaria y Gesti\u00f3n de la Informaci\u00f3n; Techo y Asentamientos; Agua, Saneamiento e Higiene; y Protecci\u00f3n.<\/div>\n<div>\u00a0<\/div>\n<div>Las primeras acciones de coordinaci\u00f3n a nivel nacional y regional comenzaron en enero; y las actividades del proyecto se desarrollar\u00e1n hasta el mes de junio.\u00a0<\/div>\n<div>\u00a0<\/div>\n<div>C\u00e1ritas del Per\u00fa trabajar\u00e1 en la zona de Sullana en la regi\u00f3n Piura con la capacitaci\u00f3n y sensibilizaci\u00f3n de 10 mil personas vulnerables ante los efectos del Fen\u00f3meno de El Ni\u00f1o, as\u00ed lo indic\u00f3 el coordinador del proyecto, Ra\u00fal Mel\u00e9ndez Tordoya.<\/div>\n<div>\u00a0<\/div>\n<div>Fuente: caritas.org.pe<\/div>\n<p><a href=\"http:\/\/web.hilo.org.pe\/wp-content\/uploads\/Prevencion.jpg\" target=\"_blank\" rel=\"noopener\">Ver archivo adjunto<\/a><\/p>\n","protected":false},"excerpt":{"rendered":"<p>M?s de 75,000 personas de Tumbes, Piura, Lambayeque y La Libertad estar?n mejor organizadas y preparadas ante el Fen?meno de El Ni?o (FEN) gracias al apoyo de la Agencia de los Estados Unidos para el Desarrollo Internacional (USAID).<\/p>\n","protected":false},"author":1,"featured_media":0,"comment_status":"closed","ping_status":"closed","sticky":false,"template":"","format":"standard","meta":{"footnotes":""},"categories":[9],"tags":[],"class_list":["post-2700","post","type-post","status-publish","format-standard","hentry","category-noticias"],"_links":{"self":[{"href":"https:\/\/ceas.org.pe\/index.php\/wp-json\/wp\/v2\/posts\/2700","targetHints":{"allow":["GET"]}}],"collection":[{"href":"https:\/\/ceas.org.pe\/index.php\/wp-json\/wp\/v2\/posts"}],"about":[{"href":"https:\/\/ceas.org.pe\/index.php\/wp-json\/wp\/v2\/types\/post"}],"author":[{"embeddable":true,"href":"https:\/\/ceas.org.pe\/index.php\/wp-json\/wp\/v2\/users\/1"}],"replies":[{"embeddable":true,"href":"https:\/\/ceas.org.pe\/index.php\/wp-json\/wp\/v2\/comments?post=2700"}],"version-history":[{"count":1,"href":"https:\/\/ceas.org.pe\/index.php\/wp-json\/wp\/v2\/posts\/2700\/revisions"}],"predecessor-version":[{"id":6518,"href":"https:\/\/ceas.org.pe\/index.php\/wp-json\/wp\/v2\/posts\/2700\/revisions\/6518"}],"wp:attachment":[{"href":"https:\/\/ceas.org.pe\/index.php\/wp-json\/wp\/v2\/media?parent=2700"}],"wp:term":[{"taxonomy":"category","embeddable":true,"href":"https:\/\/ceas.org.pe\/index.php\/wp-json\/wp\/v2\/categories?post=2700"},{"taxonomy":"post_tag","embeddable":true,"href":"https:\/\/ceas.org.pe\/index.php\/wp-json\/wp\/v2\/tags?post=2700"}],"curies":[{"name":"wp","href":"https:\/\/api.w.org\/{rel}","templated":true}]}}