{"id":2699,"date":"2016-03-01T17:25:55","date_gmt":"2016-03-01T17:25:55","guid":{"rendered":""},"modified":"2026-03-11T09:12:05","modified_gmt":"2026-03-11T14:12:05","slug":"alerta-ciudadana-por-la-primera-infancia-se-realizaro-el-10-de-marzo","status":"publish","type":"post","link":"https:\/\/ceas.org.pe\/index.php\/2016\/03\/01\/alerta-ciudadana-por-la-primera-infancia-se-realizaro-el-10-de-marzo\/","title":{"rendered":"Alerta Ciudadana por la Primera Infancia se realizar\u00f3 el 10 de marzo"},"content":{"rendered":"<p>En el marco de las elecciones presidenciales de abril, el Grupo Impulsor Inversi\u00f3n en la Infancia ha convocado para el 10 de marzo una Alerta Ciudadana sobre la situaci\u00f3n de los ni\u00f1os peruanos. Se abordar\u00e1n temas como desnutrici\u00f3n y anemia infantil, educaci\u00f3n inicial, violencia contra la infancia, y la necesidad de una autoridad visible y responsable por la primera infancia. Este encuentro se llevar\u00e1 a cabo a las 10 a.m. en el Auditorio Mario Vargas Llosa de la Biblioteca Nacional.\u00a0<\/p>\n<div>\u00a0<\/div>\n<div>Cu\u00e1l es la situaci\u00f3n actual de la primera infancia en el Per\u00fa y cu\u00e1les las acciones urgentes que se deben tomar para asegurarles a todos los ni\u00f1os un desarrollo pleno, c\u00f3mo est\u00e1n abordando estos temas los candidatos a la presidencia y cu\u00e1les son los compromisos que debe asumir el pr\u00f3ximo gobierno en este terreno, son puntos centrales de la reflexi\u00f3n que desde la sociedad civil se har\u00e1 en esta Alerta Ciudadana.\u00a0<\/div>\n<div>\u00a0<\/div>\n<div>Todos los ni\u00f1os deben tener la oportunidad de desarrollar plenamente todas sus capacidades desde la primera infancia. Eso no ocurre actualmente en el Per\u00fa. Para asegurarles a los ni\u00f1os ese desarrollo pleno, las pol\u00edticas dirigidas a la primera infancia deben ser pol\u00edticas de Estado y una prioridad nacional.\u00a0<\/div>\n<div>\u00a0<\/div>\n<div>Temas de la Alerta Ciudadana<\/div>\n<div>Actualmente, en el Per\u00fa hay m\u00e1s de un mill\u00f3n de ni\u00f1os menores de cinco a\u00f1os con anemia y m\u00e1s de 400 mil con desnutrici\u00f3n cr\u00f3nica, problemas que afectan seriamente su desarrollo y su futuro como ciudadanos. El Grupo Impulsor Inversi\u00f3n en la Infancia ha planteado como meta nacional \u201canemia y desnutrici\u00f3n cero\u201d para el 2021, a\u00f1o de Bicentenario de la Independencia.<\/div>\n<div>\u00a0\u00a0<\/div>\n<div>Si bien la cobertura en educaci\u00f3n inicial ha venido subiendo, todav\u00eda uno de cada cinco ni\u00f1os entre 3 y 5 a\u00f1os no tiene acceso a educaci\u00f3n inicial, considerada por los expertos como fundamental para que el ni\u00f1o tenga un buen rendimiento escolar a lo largo de su vida. Pero las brechas e inequidades son grandes. Buena parte de aquellos ni\u00f1os que s\u00ed acceden a educaci\u00f3n inicial reciben una educaci\u00f3n de baja calidad. Uno de cada tres ni\u00f1os que van a educaci\u00f3n inicial no alcanza el nivel esperado de desarrollo infantil temprano, seg\u00fan un estudio reciente del Ministerio de Educaci\u00f3n.\u00a0<\/div>\n<div>\u00a0<\/div>\n<div>La violencia que sufre la infancia es inaceptable. Se requieren pol\u00edticas p\u00fablicas para terminar con esta violencia. Eso implica visibilizar la magnitud de un problema que en buena medida permanece oculto y desarrollar acciones para sensibilizar a la poblaci\u00f3n sobre los graves efectos de la violencia contra los ni\u00f1os, as\u00ed como pol\u00edticas p\u00fablicas para prevenir y enfrentar este problema, y para atender a los ni\u00f1os v\u00edctimas de la violencia.\u00a0<\/div>\n<div>\u00a0<\/div>\n<div>Para desarrollar pol\u00edticas exitosas que reviertan estos problemas, es necesario priorizar en las pol\u00edticas y en los presupuestas el tema de la primera infancia, y articular las distintas acciones de diferentes sectores del Estado dirigidas a los ni\u00f1os. Para lograr darle a la primera infancia esta prioridad nacional y conseguir esa articulaci\u00f3n, el Grupo Impulsor Inversi\u00f3n en la Infancia propone la creaci\u00f3n una autoridad por la primera infancia, que no implique crear un ente burocr\u00e1tico nuevo, sino que el tema de la primera infancia tenga una autoridad responsable al m\u00e1s alto nivel del gobierno.<\/div>\n<div>\u00a0<\/div>\n<div>Estos cuatro aspectos ser\u00e1n los temas centrales de esta Alerta Ciudadana por la Primera Infancia, que es un espacio de toma de conciencia sobre la situaci\u00f3n de los ni\u00f1os en nuestro pa\u00eds y de las accione surgentes que se deben tomar, as\u00ed como de exigibilidad ciudadana a los candidatos y, por lo tanto, al pr\u00f3ximo gobierno, para que se prioricen la inversi\u00f3n y las pol\u00edticas dirigidas a los ni\u00f1os.\u00a0<\/div>\n<div>\u00a0<\/div>\n<div>Fuente. inversionenlainfancia.net<\/div>\n<div>\u00a0<\/div>\n<p><a href=\"http:\/\/web.hilo.org.pe\/wp-content\/uploads\/Alertaciudadana.jpg\" target=\"_blank\" rel=\"noopener\">Ver archivo adjunto<\/a><\/p>\n","protected":false},"excerpt":{"rendered":"<p>En el marco de las elecciones presidenciales de abril, el Grupo Impulsor Inversi?n en la Infancia ha convocado para el 10 de marzo una Alerta Ciudadana sobre la situaci?n de los ni?os peruanos.<\/p>\n","protected":false},"author":1,"featured_media":0,"comment_status":"closed","ping_status":"closed","sticky":false,"template":"","format":"standard","meta":{"footnotes":""},"categories":[9],"tags":[],"class_list":["post-2699","post","type-post","status-publish","format-standard","hentry","category-noticias"],"_links":{"self":[{"href":"https:\/\/ceas.org.pe\/index.php\/wp-json\/wp\/v2\/posts\/2699","targetHints":{"allow":["GET"]}}],"collection":[{"href":"https:\/\/ceas.org.pe\/index.php\/wp-json\/wp\/v2\/posts"}],"about":[{"href":"https:\/\/ceas.org.pe\/index.php\/wp-json\/wp\/v2\/types\/post"}],"author":[{"embeddable":true,"href":"https:\/\/ceas.org.pe\/index.php\/wp-json\/wp\/v2\/users\/1"}],"replies":[{"embeddable":true,"href":"https:\/\/ceas.org.pe\/index.php\/wp-json\/wp\/v2\/comments?post=2699"}],"version-history":[{"count":1,"href":"https:\/\/ceas.org.pe\/index.php\/wp-json\/wp\/v2\/posts\/2699\/revisions"}],"predecessor-version":[{"id":6519,"href":"https:\/\/ceas.org.pe\/index.php\/wp-json\/wp\/v2\/posts\/2699\/revisions\/6519"}],"wp:attachment":[{"href":"https:\/\/ceas.org.pe\/index.php\/wp-json\/wp\/v2\/media?parent=2699"}],"wp:term":[{"taxonomy":"category","embeddable":true,"href":"https:\/\/ceas.org.pe\/index.php\/wp-json\/wp\/v2\/categories?post=2699"},{"taxonomy":"post_tag","embeddable":true,"href":"https:\/\/ceas.org.pe\/index.php\/wp-json\/wp\/v2\/tags?post=2699"}],"curies":[{"name":"wp","href":"https:\/\/api.w.org\/{rel}","templated":true}]}}