{"id":2698,"date":"2016-02-26T12:55:32","date_gmt":"2016-02-26T12:55:32","guid":{"rendered":""},"modified":"2026-03-11T09:12:06","modified_gmt":"2026-03-11T14:12:06","slug":"comunicado-de-la-conferencia-episcopal-peruana-2","status":"publish","type":"post","link":"https:\/\/ceas.org.pe\/index.php\/2016\/02\/26\/comunicado-de-la-conferencia-episcopal-peruana-2\/","title":{"rendered":"COMUNICADO DE LA CONFERENCIA EPISCOPAL PERUANA"},"content":{"rendered":"<p>\u00a0<span style=\"font-family: Cambria, serif; font-size: 12pt; text-align: center; color: rgb(85, 85, 85);\">CONFERENCIA EPISCOPAL PERUANA<\/span><\/p>\n<p class=\"MsoNormal\" align=\"center\" style=\"margin-left: 10px; color: rgb(85, 85, 85); font-family: Arial, Helvetica, sans-serif; font-size: 11px; text-align: center;\"><span style=\"font-size: 12pt; line-height: 17.12px; font-family: Cambria, serif;\">COMUNICADO<o:p><\/o:p><\/span><\/p>\n<p class=\"MsoNormal\" style=\"margin-left: 10px; color: rgb(85, 85, 85); font-family: Arial, Helvetica, sans-serif; font-size: 11px; text-align: justify; margin-bottom: 0.0001pt;\"><span style=\"font-size: 12pt; font-family: Cambria, serif;\">Ante las graves denuncias difundidas el pasado domingo 20 en el Programa Punto Final de Frecuencia Latina sobre presuntos actos que van contra la moral, la integridad y la dignidad de la persona, en la que habr\u00edan sido afectados algunos menores de edad, y en los que estar\u00eda comprometido un sacerdote de la Prelatura de Huamachuco, en nuestra condici\u00f3n de Pastores de la Iglesia Cat\u00f3lica, expresamos lo siguiente:<o:p><\/o:p><\/span><\/p>\n<p class=\"MsoNormal\" style=\"margin-left: 10px; color: rgb(85, 85, 85); font-family: Arial, Helvetica, sans-serif; font-size: 11px; text-align: justify; margin-bottom: 0.0001pt;\"><span style=\"font-size: 12pt; font-family: Cambria, serif;\">\u00a0<\/span><\/p>\n<p class=\"MsoNormal\" style=\"margin: 0cm 0cm 0.0001pt 1cm; color: rgb(85, 85, 85); font-family: Arial, Helvetica, sans-serif; font-size: 11px; text-align: justify; text-indent: -1cm;\"><span style=\"font-size: 12pt; font-family: Cambria, serif;\">1. \u00a0\u00a0\u00a0\u00a0\u00a0 Estamos profundamente preocupados por estas denuncias, puesto que da\u00f1an gravemente la sensibilidad de los f\u00edeles y la buena imagen que la Iglesia Cat\u00f3lica tiene en nuestro pa\u00eds, sobre todo en las comunidades andinas, donde la Iglesia realiza una labor pastoral muy importante.<o:p><\/o:p><\/span><\/p>\n<p class=\"MsoNormal\" style=\"margin: 0cm 0cm 0.0001pt 1cm; color: rgb(85, 85, 85); font-family: Arial, Helvetica, sans-serif; font-size: 11px; text-align: justify; text-indent: -1cm;\"><span style=\"font-size: 12pt; font-family: Cambria, serif;\">2. \u00a0\u00a0\u00a0\u00a0\u00a0 Recordamos que la Iglesia rechaza radicalmente cualquier tipo de abuso, como ya lo manifestamos en el Comunicado del 02 de noviembre de 2015, en el que recog\u00edamos la exigente posici\u00f3n del Papa Francisco: \u201cno hay lugar en el ministerio de la Iglesia para aquellos que cometen estos abusos\u201d (Homil\u00eda, 07 de julio de 2014).<o:p><\/o:p><\/span><\/p>\n<p class=\"MsoNormal\" style=\"margin: 0cm 0cm 0.0001pt 1cm; color: rgb(85, 85, 85); font-family: Arial, Helvetica, sans-serif; font-size: 11px; text-align: justify; text-indent: -1cm;\"><span style=\"font-size: 12pt; font-family: Cambria, serif;\">3. \u00a0\u00a0\u00a0\u00a0\u00a0 Como en otras ocasiones, insistimos que se haga una pronta y diligente investigaci\u00f3n por parte de los responsables de la Prelatura de Huamachuco para que se esclarezca la verdad de los hechos denunciados y se apliquen con rigor las leyes existentes tanto en el \u00e1mbito can\u00f3nico como en el \u00e1mbito civil.<o:p><\/o:p><\/span><\/p>\n<p class=\"MsoNormal\" style=\"margin: 0cm 0cm 0.0001pt 1cm; color: rgb(85, 85, 85); font-family: Arial, Helvetica, sans-serif; font-size: 11px; text-align: justify; text-indent: -1cm;\"><span style=\"font-size: 12pt; font-family: Cambria, serif;\">4. \u00a0\u00a0\u00a0\u00a0\u00a0 Cumpliendo con nuestra tarea de Pastores de la Iglesia Cat\u00f3lica, renovamos nuestra disponibilidad para acoger, escuchar y acompa\u00f1ar a todas aquellas personas que se sienten vulneradas en su integridad f\u00edsica y moral.<o:p><\/o:p><\/span><\/p>\n<p class=\"MsoNormal\" style=\"margin: 0cm 0cm 0.0001pt 1cm; color: rgb(85, 85, 85); font-family: Arial, Helvetica, sans-serif; font-size: 11px; text-align: justify; text-indent: -1cm;\"><span style=\"font-size: 12pt; font-family: Cambria, serif;\">5. \u00a0\u00a0\u00a0\u00a0\u00a0 Exhortamos a los f\u00edeles, de manera particular a los de la Iglesia de Huamachuco, a mantenerse firmes en la fe (1 Cor. 16, 13).<o:p><\/o:p><\/span><\/p>\n<p class=\"MsoNormal\" style=\"margin-left: 10px; color: rgb(85, 85, 85); font-family: Arial, Helvetica, sans-serif; font-size: 11px; text-align: justify; margin-bottom: 0.0001pt;\"><span style=\"font-size: 12pt; font-family: Cambria, serif;\">\u00a0<\/span><\/p>\n<p class=\"MsoNormal\" style=\"margin-left: 10px; color: rgb(85, 85, 85); font-family: Arial, Helvetica, sans-serif; font-size: 11px; text-align: justify; margin-bottom: 0.0001pt;\"><span style=\"font-size: 12pt; font-family: Cambria, serif;\">Lima, 25 de febrero de 2016<o:p><\/o:p><\/span><\/p>\n<p class=\"MsoNormal\" style=\"margin-left: 10px; color: rgb(85, 85, 85); font-family: Arial, Helvetica, sans-serif; font-size: 11px; text-align: justify; margin-bottom: 0.0001pt;\"><span style=\"font-size: 12pt; font-family: Cambria, serif;\">\u00a0<\/span><\/p>\n<p class=\"MsoNormal\" align=\"center\" style=\"margin-left: 10px; color: rgb(85, 85, 85); font-family: Arial, Helvetica, sans-serif; font-size: 11px; margin-bottom: 0.0001pt; text-align: center;\"><span style=\"font-size: 12pt; font-family: Cambria, serif;\">Presidencia<o:p><\/o:p><\/span><\/p>\n<p class=\"MsoNormal\" align=\"center\" style=\"margin-left: 10px; color: rgb(85, 85, 85); font-family: Arial, Helvetica, sans-serif; font-size: 11px; margin-bottom: 0.0001pt; text-align: center;\"><span style=\"font-size: 12pt; font-family: Cambria, serif;\">Conferencia Episcopal Peruana<\/span><\/p>\n<p><a href=\"http:\/\/web.hilo.org.pe\/wp-content\/uploads\/LOGO CEP.jpg\" target=\"_blank\" rel=\"noopener\">Ver archivo adjunto<\/a><\/p>\n","protected":false},"excerpt":{"rendered":"<p>Ante las graves denuncias difundidas el pasado domingo 20 en el Programa Punto Final de Frecuencia Latina sobre presuntos actos que van contra la moral, la integridad y la dignidad de la persona, en la que habr?an sido afectados algunos menores de edad, y en los que estar?a comprometido un sacerdote de la Prelatura de Huamachuco, en nuestra condici?n de Pastores de la Iglesia Cat?lica.<\/p>\n","protected":false},"author":1,"featured_media":0,"comment_status":"closed","ping_status":"closed","sticky":false,"template":"","format":"standard","meta":{"footnotes":""},"categories":[9],"tags":[],"class_list":["post-2698","post","type-post","status-publish","format-standard","hentry","category-noticias"],"_links":{"self":[{"href":"https:\/\/ceas.org.pe\/index.php\/wp-json\/wp\/v2\/posts\/2698","targetHints":{"allow":["GET"]}}],"collection":[{"href":"https:\/\/ceas.org.pe\/index.php\/wp-json\/wp\/v2\/posts"}],"about":[{"href":"https:\/\/ceas.org.pe\/index.php\/wp-json\/wp\/v2\/types\/post"}],"author":[{"embeddable":true,"href":"https:\/\/ceas.org.pe\/index.php\/wp-json\/wp\/v2\/users\/1"}],"replies":[{"embeddable":true,"href":"https:\/\/ceas.org.pe\/index.php\/wp-json\/wp\/v2\/comments?post=2698"}],"version-history":[{"count":1,"href":"https:\/\/ceas.org.pe\/index.php\/wp-json\/wp\/v2\/posts\/2698\/revisions"}],"predecessor-version":[{"id":6520,"href":"https:\/\/ceas.org.pe\/index.php\/wp-json\/wp\/v2\/posts\/2698\/revisions\/6520"}],"wp:attachment":[{"href":"https:\/\/ceas.org.pe\/index.php\/wp-json\/wp\/v2\/media?parent=2698"}],"wp:term":[{"taxonomy":"category","embeddable":true,"href":"https:\/\/ceas.org.pe\/index.php\/wp-json\/wp\/v2\/categories?post=2698"},{"taxonomy":"post_tag","embeddable":true,"href":"https:\/\/ceas.org.pe\/index.php\/wp-json\/wp\/v2\/tags?post=2698"}],"curies":[{"name":"wp","href":"https:\/\/api.w.org\/{rel}","templated":true}]}}