{"id":2697,"date":"2016-02-26T11:10:14","date_gmt":"2016-02-26T11:10:14","guid":{"rendered":""},"modified":"2026-03-11T09:12:06","modified_gmt":"2026-03-11T14:12:06","slug":"tres-nuevos-sacerdotes-ordenaron-en-vicariato-de-san-ramon","status":"publish","type":"post","link":"https:\/\/ceas.org.pe\/index.php\/2016\/02\/26\/tres-nuevos-sacerdotes-ordenaron-en-vicariato-de-san-ramon\/","title":{"rendered":"Tres nuevos sacerdotes ordenaron en Vicariato de San Ram\u00f3n"},"content":{"rendered":"<p>El pasado 21 de febrero a las 6:30 pm en la Catedral de san Ram\u00f3n Nonato (Chanchamayo selva central) fueron ordenados sacerdotes nuestros hermanos Jos\u00e9 Luis Morales, Wildher Jhosep Castillo y Julio Requena.<\/p>\n<p>\u00a0Nuestros sacerdotes peruanos \u00a0comparten en exclusiva \u00a0para PER\u00da CAT\u00d3LICO un poco de su vida y de su llamado.<\/p>\n<div>\u201cMi nombre es Jos\u00e9 Luis morales Yovera natural de Piura; soy el numero 11 de 13 hermanos. En el 2001 vine a Lima para estudiar Ciencias de la Comunicaci\u00f3n. El p\u00e1rroco de la parroquia Nuestra Se\u00f1ora de la Luz, en Comas me invit\u00f3 a ser catequista. Siendo catequista conoc\u00ed a la Renovacion Carism\u00e1tica Cat\u00f3lica y comenc\u00e9 un proceso de formaci\u00f3n y encuentro con un Cristo vivo en un Grupo de oraci\u00f3n. Creci\u00f3 mi fe, mi amor por las escrituras y a los sacramentos. Estando perseverando en este grupo de oraci\u00f3n descubr\u00ed mi vocaci\u00f3n al sacerdocio. El Se\u00f1or me llamaba a consagrar mi vida a \u00c9l. Al inicio tuve dudas y algo de temor a fallar y no responder a este llamado pero Gracias a la Fraternidad Sacerdotal JES\u00daS VIVE del cual ahora soy miembro, me ayud\u00f3 a discernir mi vocaci\u00f3n para poder decir si al Se\u00f1or para siempre. Me siento realizado y soy el hombre mas feliz porque encontr\u00e9 lo que siempre hab\u00eda buscado el amor misericordioso en plenitud\u201d<\/div>\n<div>\u00a0<\/div>\n<div>\u201cMi nombre es Wildher Jhosep Castillo Aparicio, natural de PAITA-PIURA. nac\u00ed el 02 de diciembre 1983, recuerdo que participando de un retiro llamado Juan de la RCC- tuve el encuentro con Jes\u00fas Eucarist\u00eda, escuche una voz que me dec\u00eda SACERDOCIO SACERDOCIO. Fue as\u00ed como llega la inquietud hacia la vida consagrada, ingrese al seminario cuando tenia 20 a\u00f1os, ahora como sacerdote de la Iglesia muy feliz al responder este llamado con generosidad. Doy gracias a Dios por las bendiciones.<\/div>\n<div>\u00a0<\/div>\n<div>\u201cMi nombre es Julio Requena Boza, natural de Huancavelica, estando en mi parroquia Sant\u00edsima Cruz de Chilca surge mi inquietud vocacional. ayudado por amigos sacerdotes y seminarista ingrese al seminario. ha pasado el tiempo y doy gracias al Se\u00f1or por ser fiel conmigo y haberme acompa\u00f1ado en todo momento, estoy muy feliz por ser ordenado y ser parte de la iglesia aqu\u00ed en el Vicariato Apost\u00f3lico de San Ram\u00f3n.<\/div>\n<div>\u00a0<\/div>\n<div>Dios bendiga y cuide a neustros sacerdotes. \u00a1PER\u00da, un pa\u00eds cat\u00f3lico!<\/div>\n<div>\u00a0<\/div>\n<div>Fuente: perucatolico.com<\/div>\n<p><a href=\"http:\/\/web.hilo.org.pe\/wp-content\/uploads\/3 nuevos sacerdotes para la selva peruana de San Ramon.jpg\" target=\"_blank\" rel=\"noopener\">Ver archivo adjunto<\/a><\/p>\n","protected":false},"excerpt":{"rendered":"<p>El pasado 21 de febrero a las 6:30 pm en la Catedral de san Ram?n Nonato (Chanchamayo selva central) fueron ordenados sacerdotes nuestros hermanos Jos? Luis Morales, Wildher Jhosep Castillo y Julio Requena.<\/p>\n","protected":false},"author":1,"featured_media":0,"comment_status":"closed","ping_status":"closed","sticky":false,"template":"","format":"standard","meta":{"footnotes":""},"categories":[9],"tags":[],"class_list":["post-2697","post","type-post","status-publish","format-standard","hentry","category-noticias"],"_links":{"self":[{"href":"https:\/\/ceas.org.pe\/index.php\/wp-json\/wp\/v2\/posts\/2697","targetHints":{"allow":["GET"]}}],"collection":[{"href":"https:\/\/ceas.org.pe\/index.php\/wp-json\/wp\/v2\/posts"}],"about":[{"href":"https:\/\/ceas.org.pe\/index.php\/wp-json\/wp\/v2\/types\/post"}],"author":[{"embeddable":true,"href":"https:\/\/ceas.org.pe\/index.php\/wp-json\/wp\/v2\/users\/1"}],"replies":[{"embeddable":true,"href":"https:\/\/ceas.org.pe\/index.php\/wp-json\/wp\/v2\/comments?post=2697"}],"version-history":[{"count":1,"href":"https:\/\/ceas.org.pe\/index.php\/wp-json\/wp\/v2\/posts\/2697\/revisions"}],"predecessor-version":[{"id":6521,"href":"https:\/\/ceas.org.pe\/index.php\/wp-json\/wp\/v2\/posts\/2697\/revisions\/6521"}],"wp:attachment":[{"href":"https:\/\/ceas.org.pe\/index.php\/wp-json\/wp\/v2\/media?parent=2697"}],"wp:term":[{"taxonomy":"category","embeddable":true,"href":"https:\/\/ceas.org.pe\/index.php\/wp-json\/wp\/v2\/categories?post=2697"},{"taxonomy":"post_tag","embeddable":true,"href":"https:\/\/ceas.org.pe\/index.php\/wp-json\/wp\/v2\/tags?post=2697"}],"curies":[{"name":"wp","href":"https:\/\/api.w.org\/{rel}","templated":true}]}}