{"id":2694,"date":"2016-02-25T12:14:33","date_gmt":"2016-02-25T12:14:33","guid":{"rendered":""},"modified":"2026-03-11T09:12:06","modified_gmt":"2026-03-11T14:12:06","slug":"se-realizo-reunion-de-obispos-de-la-iglesia-de-amorica","status":"publish","type":"post","link":"https:\/\/ceas.org.pe\/index.php\/2016\/02\/25\/se-realizo-reunion-de-obispos-de-la-iglesia-de-amorica\/","title":{"rendered":"Se realiz\u00f3 reuni\u00f3n de Obispos de la Iglesia de Am\u00f3rica"},"content":{"rendered":"<p>El d\u00eda martes 23 de febrero se dio inicio a la XXXVIII Reuni\u00f3n de Obispos de la Iglesia de Am\u00e9rica en la ciudad de Tampa, Florida, en el Centro Betania, teniendo como eje tem\u00e1tico el Jubileo extraordinario de la misericordia.<\/p>\n<div>\u00a0<\/div>\n<div>La ma\u00f1ana del primer d\u00eda fue coordinada por Monse\u00f1or Luc Cyr, Arzobispo de Sherbrooke, Canad\u00e1.<\/div>\n<div>\u00a0<\/div>\n<div>El Presidente de la Conferencia de Obispos Cat\u00f3licos de Canad\u00e1, organizador del encuentro, Monse\u00f1or Douglas Crosby, O.M.I., Obispo de Hamilton, present\u00f3 el saludo a los miembros de las delegaciones participantes.<\/div>\n<div>\u00a0<\/div>\n<div>Luego, Monse\u00f1or Gregory M. Aymond, Obispo de New Orleans, present\u00f3 un breve informe sobre la importancia de la visita del Papa Francisco a los Estados Unidos de Am\u00e9rica.<\/div>\n<div>\u00a0<\/div>\n<div><strong>La pornograf\u00eda : un desaf\u00edo para la pastoral de hoy<\/strong><\/div>\n<div>\u00a0<\/div>\n<div>\u00a0Monse\u00f1or Richard Malone, Obispo de Buffalo, hizo una interesante presentaci\u00f3n sobre un documento elaborado por la Conferencia Episcopal de Estados Unidos, centrado en el tema de la pornograf\u00eda. El documento se titula \u00ab Create in me a clean heart. A pastoral response to pronography \u00bb. En el documento se hace una reflexi\u00f3n teol\u00f3gica sobre la dignidad del ser humano y la belleza de la sexualidad; y luego se pasa a algunas aplicaciones pastorales para ayudar a entender la sexualidad humana, asistir a las personas adictas a la pornograf\u00eda y denunciar la explotaci\u00f3n comercial y econ\u00f3mica que se est\u00e1 dando en este campo.<\/div>\n<div>\u00a0<\/div>\n<div><strong>La misericordia en la evangelizaci\u00f3n urbana<\/strong><\/div>\n<div>\u00a0<\/div>\n<div>Luego, el Cardenal Rub\u00e9n Salazar present\u00f3 al Padre Jaime Mancera, quien intervino sobre el tema \u201cLa Misericordia en la evangelizaci\u00f3n de la cultura urbana y postmoderna. Dios realiza hoy su salvaci\u00f3n en el mundo de la ciudad\u201d.<\/div>\n<div>\u00a0<\/div>\n<div>El Padre Mancera habl\u00f3 sobre la especificidad de la evangelizaci\u00f3n en el mundo de la ciudad, teniendo en cuenta que el Dios misericordioso vive en la ciudad. Para esto se necesita una conversi\u00f3n, pasando de una pastoral tradicional a una evangelizaci\u00f3n misionera y misericordiosa. Es indispensable dinamizar un modo de ser Iglesia en salida en medio de la ciudad.<\/div>\n<div>\u00a0<\/div>\n<div>Tambi\u00e9n hizo menci\u00f3n de variadas mediaciones inculturadas en la ciudad. Las formas de primer anuncio, de iniciaci\u00f3n cristiana, de formaci\u00f3n en la fe, de profundizaci\u00f3n en la doctrina social cristiana, todo lo relacionado con la animaci\u00f3n b\u00edblica de la evangelizaci\u00f3n, lo referente a la educaci\u00f3n religiosa escolar, a la escuela cat\u00f3lica y sus proyectos educativos, deben inculturarse en la diversidad de lenguajes, de procesos de formaci\u00f3n, que tengan a los sujetos urbanos como reales interlocutores, no como simples destinatarios pasivos.<\/div>\n<div>\u00a0<\/div>\n<div>El Cardenal Rub\u00e9n Salazar habl\u00f3 de la participaci\u00f3n de los laicos en la vida p\u00fablica, en la econom\u00eda, en la cultura. La fe tiene una repercusi\u00f3n social. Hay que encontrar la manera concreta como la fe se traduce en actitudes de cambio, de tal manera que penetre en la ciudad.<\/div>\n<div>\u00a0<\/div>\n<div><strong>Participantes:<\/strong><\/div>\n<div>\u00a0<\/div>\n<div>En estas reuniones que, desde el 2014, se est\u00e1n realizando cada dos a\u00f1os, participan las Presidencias de las Conferencias de Obispos Cat\u00f3licos de Canad\u00e1, de Estados Unidos y del Consejo Episcopal Latinoamericano-CELAM.<\/div>\n<div>\u00a0<\/div>\n<div>Por la Conferencia Episcopal de Canad\u00e1 est\u00e1n participando Monse\u00f1or Douglas Crosby, O.M.I., Obispo de Hamilton, Presidente de la Conferencia de Obispos Cat\u00f3licos de Canad\u00e1; Monse\u00f1or Lionel Gendron, P.S.S., Obispo de Saint-Jean-Longueuil, Vicepresidente; Monse\u00f1or Luc Cyr, Arzobispo de Sherbrooke, Co-Tesorero; Monse\u00f1or Frank Leo, jr., C.S.S., Secretario General, y Mr. Kyle Ferguson, Asesor de Relaciones intereclesiales.<\/div>\n<div>\u00a0<\/div>\n<div>Por la Conferencia Episcopal de Estados Unidos participan Monse\u00f1or Joseph E. Kurtz, Arzobizpo de Louisville, Kentucky, Presidente de la USCCB; Monse\u00f1or Kevin Farrell, Obispo de Dallas, Texas, Tesorero Conferencia; Monse\u00f1or Gregory M. Aymond, Obispo de New Orleans, Secretario; Monse\u00f1or Richard Malone, Obispo de Buffalo, Miembro del Comit\u00e9 Ejecutivo; Monse\u00f1or J. Brian Bransfield, Secretario General; Monse\u00f1or Jeffrey D. Burril, Adjunto a Secretar\u00eda General; Mr. James Rogers, Director de Comunicaciones; Anik Sales, Asistente del Secretario General.<\/div>\n<div>\u00a0<\/div>\n<div>Por el CELAM, el Se\u00f1or Cardenal Rub\u00e9n Salazar G\u00f3mez, Arzobispo de Bogot\u00e1 y Primado de Colombia, Presidente del CELAM; el Se\u00f1or Cardenal Jos\u00e9 Luis Lacunza Maestrojuan, O.A.R., Obispo de David, Panam\u00e1, Presidente del Consejo de Asuntos Econ\u00f3micos; Monse\u00f1or Carlos Mar\u00eda Collazzi Irazabal, S.D.B., Obispo de Mercedes, Uruguay; Primer Vicepresidente del CELAM; Dom Jos\u00e9 Belis\u00e1rio Da Silva, O.F.M., Arzobispo de S\u00e3o Lu\u00eds do Maranh\u00e3o, Brasil, Segundo Vicepresidente del CELAM; Monse\u00f1or Juan Espinoza Jim\u00e9nez, Obispo Auxiliar de Morelia, M\u00e9xico, Secretario General del CELAM; Monse\u00f1or Gustavo Rodr\u00edguez Vega, Arzobispo de Yucat\u00e1n, M\u00e9xico, Presidente del DEJUSOL; Monse\u00f1or Neil Tiedemann, Obispo de Mandeville, Antillas, Miembro del DEJUSOL; el Padre Jaime Alberto Mancera Casas, Vicario de Evangelizaci\u00f3n para la Dimensi\u00f3n Social, Arquidi\u00f3cesis de Bogot\u00e1; y el Presb\u00edtero Leonidas Ortiz Losada, Secretario Adjunto del CELAM.<\/div>\n<div><strong><br \/>\n<\/strong><\/div>\n<div><strong>Ambiente de comuni\u00f3n fraterna y de oraci\u00f3n<\/strong><\/div>\n<div>\u00a0<\/div>\n<div>El encuentro se est\u00e1 realizando en un ambiente de comuni\u00f3n fraterna y oraci\u00f3n. El lunes en la tarde se inici\u00f3 la reuni\u00f3n con una recepci\u00f3n y con una cena fraterna; de otra parte, las intervenciones contribuyen a buscar caminos pastorales de solidaridad eclesial. La oraci\u00f3n de la ma\u00f1ana del d\u00eda martes fue dirigida por la Conferencia de Obispos Cat\u00f3licos de Canad\u00e1. A mediod\u00eda, la Eucarist\u00eda fue presidida por el Se\u00f1or Cardenal Rub\u00e9n Salazar, Presidente del CELAM.\u00a0<\/div>\n<div>\u00a0<\/div>\n<div>Fuente: celam.org<\/div>\n<p><a href=\"http:\/\/web.hilo.org.pe\/wp-content\/uploads\/Reuniondeobisposdeamerica.jpg\" target=\"_blank\" rel=\"noopener\">Ver archivo adjunto<\/a><\/p>\n","protected":false},"excerpt":{"rendered":"<p>El d?a martes 23 de febrero se dio inicio a la XXXVIII Reuni?n de Obispos de la Iglesia de Am?rica en la ciudad de Tampa, Florida, en el Centro Betania, teniendo como eje tem?tico el Jubileo extraordinario de la misericordia.<\/p>\n","protected":false},"author":1,"featured_media":0,"comment_status":"closed","ping_status":"closed","sticky":false,"template":"","format":"standard","meta":{"footnotes":""},"categories":[9],"tags":[],"class_list":["post-2694","post","type-post","status-publish","format-standard","hentry","category-noticias"],"_links":{"self":[{"href":"https:\/\/ceas.org.pe\/index.php\/wp-json\/wp\/v2\/posts\/2694","targetHints":{"allow":["GET"]}}],"collection":[{"href":"https:\/\/ceas.org.pe\/index.php\/wp-json\/wp\/v2\/posts"}],"about":[{"href":"https:\/\/ceas.org.pe\/index.php\/wp-json\/wp\/v2\/types\/post"}],"author":[{"embeddable":true,"href":"https:\/\/ceas.org.pe\/index.php\/wp-json\/wp\/v2\/users\/1"}],"replies":[{"embeddable":true,"href":"https:\/\/ceas.org.pe\/index.php\/wp-json\/wp\/v2\/comments?post=2694"}],"version-history":[{"count":1,"href":"https:\/\/ceas.org.pe\/index.php\/wp-json\/wp\/v2\/posts\/2694\/revisions"}],"predecessor-version":[{"id":6524,"href":"https:\/\/ceas.org.pe\/index.php\/wp-json\/wp\/v2\/posts\/2694\/revisions\/6524"}],"wp:attachment":[{"href":"https:\/\/ceas.org.pe\/index.php\/wp-json\/wp\/v2\/media?parent=2694"}],"wp:term":[{"taxonomy":"category","embeddable":true,"href":"https:\/\/ceas.org.pe\/index.php\/wp-json\/wp\/v2\/categories?post=2694"},{"taxonomy":"post_tag","embeddable":true,"href":"https:\/\/ceas.org.pe\/index.php\/wp-json\/wp\/v2\/tags?post=2694"}],"curies":[{"name":"wp","href":"https:\/\/api.w.org\/{rel}","templated":true}]}}