{"id":2692,"date":"2016-02-24T09:59:04","date_gmt":"2016-02-24T09:59:04","guid":{"rendered":""},"modified":"2026-03-11T09:12:06","modified_gmt":"2026-03-11T14:12:06","slug":"iv-congreso-mundial-de-reservas-de-biosfera-se-realizaro-en-lima","status":"publish","type":"post","link":"https:\/\/ceas.org.pe\/index.php\/2016\/02\/24\/iv-congreso-mundial-de-reservas-de-biosfera-se-realizaro-en-lima\/","title":{"rendered":"IV Congreso Mundial de Reservas de Bi\u00f3sfera se realizar\u00f3 en Lima"},"content":{"rendered":"<p>El evento ambiental m\u00e1s importante sobre la conservaci\u00f3n de la biodiversidad y desarrollo sostenible se realizar\u00e1 en nuestro pa\u00eds del 14 al 17 de marzo. Per\u00fa ser\u00e1 sede de IV Congreso Mundial de Reservas de Bi\u00f3sfera, el cual reunir\u00e1 a m\u00e1s de 1,200 representantes de las 651 reservas de bi\u00f3sfera que existen en el mundo.<\/p>\n<div>\u00a0<\/div>\n<div>Seg\u00fan el ministro del Ambiente, Manuel Pulgar-Vidal, el Per\u00fa tiene la capacidad para producir eventos de gran magnitud y sobretodo, proyectar un mensaje positivo al mundo.<\/div>\n<div>\u00a0<\/div>\n<div>Durante el congreso se debatir\u00e1n y acordar\u00e1n ideas y estrategias en temas relacionados al Cambio Clim\u00e1tico, la educaci\u00f3n para el desarrollo sostenible, la viabilidad econ\u00f3mica de sistemas de protecci\u00f3n de la naturaleza, as\u00ed como el uso sostenible y la protecci\u00f3n de los recursos naturales.<\/div>\n<div>\u00a0<\/div>\n<div>Asimismo, el objetivo principal de este evento ser\u00e1 implementar un plan de acci\u00f3n orientado a fortalecer y ampliar estas reservas. Tambi\u00e9n de establecer la Declaraci\u00f3n y el Plan de Acci\u00f3n de Lima que plantea un nuevo desaf\u00edo en la gesti\u00f3n de las reservas de biosfera del mundo para los pr\u00f3ximos 10 a\u00f1os.<\/div>\n<div>\u00a0<\/div>\n<div>Esperemos que este congreso traiga beneficios a nuestro pa\u00eds. El medio ambiente debe ser cuidado y protegido por las autoridades.<\/div>\n<div>\u00a0<\/div>\n<div>Fuente: Andina<\/div>\n<div>Fotos: Andina y utexas.edu<\/div>\n<p><a href=\"http:\/\/web.hilo.org.pe\/wp-content\/uploads\/20160224_IV Congreso Mundial de Reservas de Biosfera.jpg\" target=\"_blank\" rel=\"noopener\">Ver archivo adjunto<\/a><\/p>\n","protected":false},"excerpt":{"rendered":"<p>El evento ambiental m?s importante sobre la conservaci?n de la biodiversidad y desarrollo sostenible se realizar? en nuestro pa?s del 14 al 17 de marzo. Per? ser? sede de IV Congreso Mundial de Reservas de Bi?sfera, el cual reunir? a m?s de 1,200 representantes de las 651 reservas de bi?sfera que existen en el mundo.<\/p>\n","protected":false},"author":1,"featured_media":0,"comment_status":"closed","ping_status":"closed","sticky":false,"template":"","format":"standard","meta":{"footnotes":""},"categories":[9],"tags":[],"class_list":["post-2692","post","type-post","status-publish","format-standard","hentry","category-noticias"],"_links":{"self":[{"href":"https:\/\/ceas.org.pe\/index.php\/wp-json\/wp\/v2\/posts\/2692","targetHints":{"allow":["GET"]}}],"collection":[{"href":"https:\/\/ceas.org.pe\/index.php\/wp-json\/wp\/v2\/posts"}],"about":[{"href":"https:\/\/ceas.org.pe\/index.php\/wp-json\/wp\/v2\/types\/post"}],"author":[{"embeddable":true,"href":"https:\/\/ceas.org.pe\/index.php\/wp-json\/wp\/v2\/users\/1"}],"replies":[{"embeddable":true,"href":"https:\/\/ceas.org.pe\/index.php\/wp-json\/wp\/v2\/comments?post=2692"}],"version-history":[{"count":1,"href":"https:\/\/ceas.org.pe\/index.php\/wp-json\/wp\/v2\/posts\/2692\/revisions"}],"predecessor-version":[{"id":6526,"href":"https:\/\/ceas.org.pe\/index.php\/wp-json\/wp\/v2\/posts\/2692\/revisions\/6526"}],"wp:attachment":[{"href":"https:\/\/ceas.org.pe\/index.php\/wp-json\/wp\/v2\/media?parent=2692"}],"wp:term":[{"taxonomy":"category","embeddable":true,"href":"https:\/\/ceas.org.pe\/index.php\/wp-json\/wp\/v2\/categories?post=2692"},{"taxonomy":"post_tag","embeddable":true,"href":"https:\/\/ceas.org.pe\/index.php\/wp-json\/wp\/v2\/tags?post=2692"}],"curies":[{"name":"wp","href":"https:\/\/api.w.org\/{rel}","templated":true}]}}