{"id":2689,"date":"2016-02-23T10:16:20","date_gmt":"2016-02-23T10:16:20","guid":{"rendered":""},"modified":"2026-03-11T09:12:06","modified_gmt":"2026-03-11T14:12:06","slug":"papa-francisco-pide-abolir-la-pena-de-muerte-y-ninguna-ejecucion-en-el-aoo-de-la-misericordia","status":"publish","type":"post","link":"https:\/\/ceas.org.pe\/index.php\/2016\/02\/23\/papa-francisco-pide-abolir-la-pena-de-muerte-y-ninguna-ejecucion-en-el-aoo-de-la-misericordia\/","title":{"rendered":"Papa Francisco pide abolir la pena de muerte y ninguna ejecuci\u00f3n en el A\u00f3o de la Misericordia"},"content":{"rendered":"<p>(RV).- Despu\u00e9s del rezo a la Madre de Dios, del segundo Domingo de Cuaresma, el Papa Francisco reiter\u00f3 su anhelo de que se impulse la abolici\u00f3n de la pena de muerte. En la v\u00edspera de un encuentro internacional sobre este tema, en la capital italiana, el Obispo de Roma dirigi\u00f3 un llamamiento a las conciencias de los gobernantes, en especial a los cat\u00f3licos, en el Jubileo Extraordinario de la Misericordia:<\/p>\n<div>\u00a0<\/div>\n<div>Ma\u00f1ana tendr\u00e1 lugar en Roma un encuentro internacional sobre el tema: \u2018Por un mundo sin la pena de muerte\u2019 promovido por la Comunidad de San Egidio. Deseo que el simposio pueda dar un renovado impulso al compromiso en favor de la abolici\u00f3n de la pena capital. Es un signo de esperanza ver que se desarrolla y difunde cada vez m\u00e1s en la opini\u00f3n p\u00fablica \u00a0una posici\u00f3n contraria a la pena de muerte, tambi\u00e9n como instrumento de leg\u00edtima defensa social. En efecto, las sociedades modernas tienen la posibilidad de reprimir eficazmente el crimen, sin quitarle definitivamente a aquel que lo ha cometido la posibilidad de redimirse. El problema se debe enfocar en la perspectiva de una justicia penal, que sea cada vez m\u00e1s conforme a la dignidad del hombre y al designio de Dios sobre el hombre y sobre la sociedad, \u00a0y tambi\u00e9n a una justicia penal abierta a la esperanza de la reinserci\u00f3n en la sociedad. El mandamiento \u2018no matar\u00e1s\u2019 tiene valor absoluto y se refiere tanto al inocente como al culpable.<\/div>\n<div>\u00a0<\/div>\n<div>El Jubileo extraordinario de la Misericordia es una ocasi\u00f3n propicia para promover en el mundo formas cada vez m\u00e1s maduras de respeto de la vida y de la dignidad de toda persona. Tambi\u00e9n el criminal mantiene el inviolable derecho a la vida, don de Dios. Apelo a la conciencia de los gobernantes, para que se alcance un consenso internacional para la abolici\u00f3n de la pena de muerte. Y propongo a cuantos entre ellos son cat\u00f3licos que cumplan un gesto valiente y ejemplar: que no se ejecute ninguna condena a la pena de muerte en este A\u00f1o Santo de la Misericordia.<\/div>\n<div>\u00a0<\/div>\n<div>Todos los cristianos y los hombres de buena voluntad est\u00e1n llamados hoy a obrar no solo en favor de la abolici\u00f3n de la pena de muerte, sino tambi\u00e9n con el fin de mejorar las condiciones de reclusi\u00f3n, en el respeto de la dignidad humana de las personas privadas de la libertad\u00bb.<\/div>\n<div>\u00a0<\/div>\n<div>Despu\u00e9s de su cordial saludo a los numerosos peregrinos de Roma, de Italia y de otros pa\u00edses, entre ellos provenientes de Espa\u00f1a: Sevilla, C\u00e1diz y Ceuta, \u00a0el Papa dirigi\u00f3 unas palabras en especial a la comunidad Papa Juan XXIII, fundada por el Siervo de Dios Don Oreste Benzi, que ha promovido para \u00a0el pr\u00f3ximo viernes por las calles del centro de Roma, un \u2018V\u00eda crucis\u2019 de solidaridad y de oraci\u00f3n por las mujeres v\u00edctimas de la trata de personas<\/div>\n<div>\u00a0<\/div>\n<div>Y como se hab\u00eda anunciado, el Papa aconsej\u00f3 la medicina espiritual de la Misericordina, en especial en la Cuaresma del A\u00f1o de la Misericordia:<\/div>\n<div>\u00a0<\/div>\n<div>\u00abLa Cuaresma es un tiempo propicio para cumplir un camino de conversi\u00f3n que tiene como centro la misericordia. Por lo tanto, hoy, he pensado regalarles a ustedes que est\u00e1n aqu\u00ed en la plaza una \u2018medicina espiritual\u2019 llamada Misericordina. Ya lo hicimos una vez, pero \u00e9sta es de mejor calidad: es la Misericordina plus. Una cajita que contiene un Rosario y una imagen de Jes\u00fas Misericordioso. Ahora la van a distribuir los voluntarios, entre los cuales hay pobres, sin techo, pr\u00f3fugos y tambi\u00e9n religiosos. Reciban este don como una ayuda espiritual para difundir, en especial en este A\u00f1o de la Misericordia, el amor, el perd\u00f3n y la fraternidad\u00bb.<\/div>\n<div>\u00a0<\/div>\n<div>\u00a0<\/div>\n<div>\u00a0<\/div>\n<div>Fuente. radiovaticano<\/div>\n<p><a href=\"http:\/\/web.hilo.org.pe\/wp-content\/uploads\/Papa francisco.JPG\" target=\"_blank\" rel=\"noopener\">Ver archivo adjunto<\/a><\/p>\n","protected":false},"excerpt":{"rendered":"<p>(RV).- Despu?s del rezo a la Madre de Dios, del segundo Domingo de Cuaresma, el Papa Francisco reiter? su anhelo de que se impulse la abolici?n de la pena de muerte. En la v?spera de un encuentro internacional sobre este tema, en la capital italiana, el Obispo de Roma dirigi? un llamamiento a las conciencias de los gobernantes, en especial a los cat?licos, en el Jubileo Extraordinario de la Misericordia:<\/p>\n","protected":false},"author":1,"featured_media":7855,"comment_status":"closed","ping_status":"closed","sticky":false,"template":"","format":"standard","meta":{"footnotes":""},"categories":[9],"tags":[],"class_list":["post-2689","post","type-post","status-publish","format-standard","has-post-thumbnail","hentry","category-noticias"],"_links":{"self":[{"href":"https:\/\/ceas.org.pe\/index.php\/wp-json\/wp\/v2\/posts\/2689","targetHints":{"allow":["GET"]}}],"collection":[{"href":"https:\/\/ceas.org.pe\/index.php\/wp-json\/wp\/v2\/posts"}],"about":[{"href":"https:\/\/ceas.org.pe\/index.php\/wp-json\/wp\/v2\/types\/post"}],"author":[{"embeddable":true,"href":"https:\/\/ceas.org.pe\/index.php\/wp-json\/wp\/v2\/users\/1"}],"replies":[{"embeddable":true,"href":"https:\/\/ceas.org.pe\/index.php\/wp-json\/wp\/v2\/comments?post=2689"}],"version-history":[{"count":1,"href":"https:\/\/ceas.org.pe\/index.php\/wp-json\/wp\/v2\/posts\/2689\/revisions"}],"predecessor-version":[{"id":6529,"href":"https:\/\/ceas.org.pe\/index.php\/wp-json\/wp\/v2\/posts\/2689\/revisions\/6529"}],"wp:featuredmedia":[{"embeddable":true,"href":"https:\/\/ceas.org.pe\/index.php\/wp-json\/wp\/v2\/media\/7855"}],"wp:attachment":[{"href":"https:\/\/ceas.org.pe\/index.php\/wp-json\/wp\/v2\/media?parent=2689"}],"wp:term":[{"taxonomy":"category","embeddable":true,"href":"https:\/\/ceas.org.pe\/index.php\/wp-json\/wp\/v2\/categories?post=2689"},{"taxonomy":"post_tag","embeddable":true,"href":"https:\/\/ceas.org.pe\/index.php\/wp-json\/wp\/v2\/tags?post=2689"}],"curies":[{"name":"wp","href":"https:\/\/api.w.org\/{rel}","templated":true}]}}