{"id":2676,"date":"2016-02-11T18:17:22","date_gmt":"2016-02-11T18:17:22","guid":{"rendered":""},"modified":"2026-03-11T09:12:06","modified_gmt":"2026-03-11T14:12:06","slug":"encuentro-del-papa-y-patriarca-de-mosco","status":"publish","type":"post","link":"https:\/\/ceas.org.pe\/index.php\/2016\/02\/11\/encuentro-del-papa-y-patriarca-de-mosco\/","title":{"rendered":"Encuentro del Papa y Patriarca de Mosc\u00f3"},"content":{"rendered":"<p>(RV).- Al anunciar, el pasado 5 de febrero, \u00a0la cita ecum\u00e9nica del 12, en La Habana, entre el Papa Francisco y Su Santidad Kirill &#8211; destacando la extraordinaria importancia hist\u00f3rica del primer encuentro entre los primados de la Iglesia Cat\u00f3lica y de la Iglesia Ortodoxa Rusa &#8211; el Director de la Oficina de Prensa de la Santa Sede, el Padre Federico Lombardi, se\u00f1al\u00f3 que se hab\u00eda preparado desde hace tiempo.<\/p>\n<p>El P. Lombardi explic\u00f3 que el Patriarca Ecum\u00e9nico Bartolom\u00e9 I de Constantinopla estaba informado sobre este encuentro, por el que \u00abha manifestado profunda y plena satisfacci\u00f3n, as\u00ed como su gran alegr\u00eda por este paso adelante en el camino de las buenas relaciones ecum\u00e9nicas entre la Iglesia Cat\u00f3lica y la Iglesia Ortodoxa\u00bb.<\/p>\n<div>\u00abLa Iglesia Ortodoxa rusa es la m\u00e1s numerosa entre las Iglesias ortodoxas\u00bb, dijo tambi\u00e9n el P. Lombardi, a\u00f1adiendo \u00abque se calcula que cerca de dos tercios de los ortodoxos del mundo, es decir cerca de doscientos millones de fieles dependen del Patriarcado de Mosc\u00fa\u00bb.<\/div>\n<div>\u00a0<\/div>\n<div>Fuente: es.radiovaticana.va<\/div>\n<p><a href=\"http:\/\/web.hilo.org.pe\/wp-content\/uploads\/Patriarcademoscu.jpg\" target=\"_blank\" rel=\"noopener\">Ver archivo adjunto<\/a><\/p>\n","protected":false},"excerpt":{"rendered":"<p>(RV).- Al anunciar, el pasado 5 de febrero,  la cita ecum?nica del 12, en La Habana, entre el Papa Francisco y Su Santidad Kirill &#8211; destacando la extraordinaria importancia hist?rica del primer encuentro entre los primados de la Iglesia Cat?lica y de la Iglesia Ortodoxa Rusa &#8211; el Director de la Oficina de Prensa de la Santa Sede, el Padre Federico Lombardi, se?al? que se hab?a preparado desde hace tiempo.<\/p>\n","protected":false},"author":1,"featured_media":7862,"comment_status":"closed","ping_status":"closed","sticky":false,"template":"","format":"standard","meta":{"footnotes":""},"categories":[9],"tags":[],"class_list":["post-2676","post","type-post","status-publish","format-standard","has-post-thumbnail","hentry","category-noticias"],"_links":{"self":[{"href":"https:\/\/ceas.org.pe\/index.php\/wp-json\/wp\/v2\/posts\/2676","targetHints":{"allow":["GET"]}}],"collection":[{"href":"https:\/\/ceas.org.pe\/index.php\/wp-json\/wp\/v2\/posts"}],"about":[{"href":"https:\/\/ceas.org.pe\/index.php\/wp-json\/wp\/v2\/types\/post"}],"author":[{"embeddable":true,"href":"https:\/\/ceas.org.pe\/index.php\/wp-json\/wp\/v2\/users\/1"}],"replies":[{"embeddable":true,"href":"https:\/\/ceas.org.pe\/index.php\/wp-json\/wp\/v2\/comments?post=2676"}],"version-history":[{"count":1,"href":"https:\/\/ceas.org.pe\/index.php\/wp-json\/wp\/v2\/posts\/2676\/revisions"}],"predecessor-version":[{"id":6542,"href":"https:\/\/ceas.org.pe\/index.php\/wp-json\/wp\/v2\/posts\/2676\/revisions\/6542"}],"wp:featuredmedia":[{"embeddable":true,"href":"https:\/\/ceas.org.pe\/index.php\/wp-json\/wp\/v2\/media\/7862"}],"wp:attachment":[{"href":"https:\/\/ceas.org.pe\/index.php\/wp-json\/wp\/v2\/media?parent=2676"}],"wp:term":[{"taxonomy":"category","embeddable":true,"href":"https:\/\/ceas.org.pe\/index.php\/wp-json\/wp\/v2\/categories?post=2676"},{"taxonomy":"post_tag","embeddable":true,"href":"https:\/\/ceas.org.pe\/index.php\/wp-json\/wp\/v2\/tags?post=2676"}],"curies":[{"name":"wp","href":"https:\/\/api.w.org\/{rel}","templated":true}]}}