{"id":2675,"date":"2016-02-10T12:13:05","date_gmt":"2016-02-10T12:13:05","guid":{"rendered":""},"modified":"2026-03-11T09:12:06","modified_gmt":"2026-03-11T14:12:06","slug":"mensaje-de-los-obispos-del-pero-ante-las-elecciones-generales-2016","status":"publish","type":"post","link":"https:\/\/ceas.org.pe\/index.php\/2016\/02\/10\/mensaje-de-los-obispos-del-pero-ante-las-elecciones-generales-2016\/","title":{"rendered":"Mensaje de los Obispos del Per\u00f3 ante las Elecciones Generales 2016"},"content":{"rendered":"<p>La encrucijada actual<\/p>\n<div>Los peruanos nos encontramos ante el desaf\u00edo de emitir nuestro voto en las pr\u00f3ximas elecciones para la Presidencia y el Congreso de la Rep\u00fablica. Elegiremos a los representantes que nos guiar\u00e1n hacia la celebraci\u00f3n del bicentenario de la naci\u00f3n. Con esta elecci\u00f3n se afianza una continuidad de procesos electorales, in\u00e9dita en nuestra historia.\u00a0<\/div>\n<div>\u00a0<\/div>\n<div>Esta satisfacci\u00f3n, sin embargo, viene empa\u00f1ada por una cierta tristeza y perplejidad, al ver c\u00f3mo se viene desarrollando el proceso electoral. La conformaci\u00f3n de las listas parece haber dejado de lado la propuesta program\u00e1tica; los planes de gobierno no aparecen como vinculantes ante la sociedad; algunos de los principales l\u00edderes est\u00e1n severamente cuestionados y con procesos judiciales en curso; se dejan de lado honorables trayectorias en aras del pragmatismo, dando la impresi\u00f3n de que \u201cen pol\u00edtica todo vale\u201d. Nuestro sistema pol\u00edtico est\u00e1 afectado por elevados \u00edndices de corrupci\u00f3n. La sociedad civil no ha desarrollado a\u00fan los mecanismos de supervisi\u00f3n y vigilancia ciudadanas para exigir a nuestros representantes el cumplimiento de sus promesas electorales. Muchos de nuestros conciudadanos asisten con escepticismo y desconfianza a este nuevo proceso electoral. Nos preocupa la grave crisis de representaci\u00f3n pol\u00edtica en la coyuntura actual del pa\u00eds.<\/div>\n<div>\u00a0<\/div>\n<div>La ciudadan\u00eda va tomando conciencia de que para lograr el desarrollo integral sostenible no basta con hacer principalmente obras de infraestructura, ni basar el crecimiento econ\u00f3mico \u00fanicamente en factores externos. La pregunta clave en este momento es qu\u00e9 sociedad queremos construir para que los hombres y mujeres, los j\u00f3venes y ni\u00f1os puedan crecer y vivir en paz y con igualdad de oportunidades, sinti\u00e9ndose seguros y respetados en su dignidad, sin discriminaciones, y habiendo desterrado los persistentes \u00edndices de pobreza, informalidad y desigualdad educativa que frenan nuestro desarrollo. Estos son los temas fundamentales que el debate pol\u00edtico debe abordar, m\u00e1s all\u00e1 de promesas populistas, vac\u00edas de contenido y dif\u00edcilmente realizables.<\/div>\n<div>\u00a0<\/div>\n<div>\u201cSabemos que las cosas pueden cambiar\u201d (Laudato si\u00b4 13)<\/div>\n<div>\u00a0<\/div>\n<div>Esta frase del Papa Francisco, llena de esperanza, nos alienta. Su enc\u00edclica Laudato si\u00b4 trasciende el problema ambiental y nos sit\u00faa ante la profundidad de la crisis que vivimos hoy a nivel global. Es una crisis social y \u00e9tica que nos lleva a plantearnos con el Papa: \u201c\u00bfQu\u00e9 tipo de mundo queremos dejar a quienes nos sucedan, a los ni\u00f1os que est\u00e1n creciendo?\u201d (Ls\u00b4 160). En el contexto de esa pregunta, el Papa plantea una noci\u00f3n fundamental: el bien com\u00fan, entendido como \u201cel conjunto de condiciones de la vida social que hacen posible a las asociaciones y a cada uno de sus miembros el logro m\u00e1s pleno y m\u00e1s f\u00e1cil de la propia perfecci\u00f3n\u201d (Ls\u00b4 156). La actividad pol\u00edtica debe estar orientada al bien com\u00fan.<\/div>\n<div>\u00a0<\/div>\n<div>Desde esta perspectiva, planteamos las siguientes preguntas en el escenario electoral:<\/div>\n<div>\u00a0<\/div>\n<div>\u2013 \u00bfC\u00f3mo vamos a asegurar una mayor institucionalidad de la vida social, superando los altos niveles de informalidad y anomia que hoy padecemos?<\/div>\n<div>\u00a0<\/div>\n<div>\u2013 \u00bfC\u00f3mo vamos a combatir la corrupci\u00f3n que afecta la sociedad, la pol\u00edtica y la vida cotidiana, incidiendo gravemente en nuestro desarrollo? \u00bfC\u00f3mo se va a promover un<\/div>\n<div>comportamiento \u00e9tico, acorde a la dignidad de todos y cada uno de los peruanos?<\/div>\n<div>\u00a0<\/div>\n<div>\u2013 \u00bfC\u00f3mo enfrentar la inseguridad ciudadana que afecta negativamente la vida de tantas personas y la convivencia social?<\/div>\n<div>\u00a0<\/div>\n<div>\u2013 \u00bfC\u00f3mo superar un crecimiento econ\u00f3mico basado en el extractivismo y la mera exportaci\u00f3n de materias primas? \u00bfC\u00f3mo impulsar la diversificaci\u00f3n productiva, la generaci\u00f3n de valor agregado, la innovaci\u00f3n, la capacidad emprendedora de nuestra poblaci\u00f3n y una adecuada relaci\u00f3n de las empresas con el entorno social y ambiental?<\/div>\n<div>\u00a0<\/div>\n<div>\u2013 \u00bfC\u00f3mo vamos a lograr una representaci\u00f3n pol\u00edtica que acerque el Estado al ciudadano de a pie, de modo que este sienta que sus derechos y deberes son debidamente promovidos y respetados?<\/div>\n<div>\u00a0<\/div>\n<div>\u2013 \u00bfC\u00f3mo lograr mayores niveles de justicia y equidad, de respeto a los derechos de todos los peruanos, y en todos los \u00e1mbitos de la vida?<\/div>\n<div>\u00a0<\/div>\n<div>Si deseamos participar en organizaciones internacionales con altos est\u00e1ndares de conciencia y convivencia ciudadanas, no podemos esquivar estas preguntas. Invocamos a los candidatos a que se hagan dignos de la funci\u00f3n a la que aspiran con sus respuestas y propuestas \u00ab\u00a1Ruego al Se\u00f1or que nos regale m\u00e1s pol\u00edticos a quienes les duela de verdad la sociedad, el pueblo, la vida de los pobres!\u00bb (Evangelii gaudium 205).<\/div>\n<div>\u00a0<\/div>\n<div>Rehabilitar la democracia y la pol\u00edtica desde la \u00e9tica<\/div>\n<div>\u00a0<\/div>\n<div>Proponemos unos criterios \u00e9ticos a tener en cuenta a la hora de elegir autoridades: obtener informaci\u00f3n veraz y completa sobre la hoja de vida de los candidatos; exigir un plan de gobierno realista; descartar a los postulantes corruptos y a los oportunistas; evaluar las promesas de campa\u00f1a as\u00ed como las fuentes de financiaci\u00f3n; verificar el compromiso de los candidatos por la defensa integral de la vida y el cuidado de la Creaci\u00f3n.<\/div>\n<div>\u00a0<\/div>\n<div>El ejercicio democr\u00e1tico trasciende el acto electoral. Llamamos a todos los ciudadanos a ejercer el derecho a supervisar y vigilar a nuestros representantes antes, en y despu\u00e9s del acto electoral. El signo de una sociedad democr\u00e1ticamente madura es la permanente y transparente rendici\u00f3n de cuentas de los elegidos a sus electores y la organizaci\u00f3n de estos para exigirla (cfr Ls\u00b4, 179).<\/div>\n<div>\u00a0<\/div>\n<div>Finalmente, hacemos un llamado a los cristianos a participar en la acci\u00f3n pol\u00edtica desde una actitud de servicio al bien com\u00fan, propia de los valores evang\u00e9licos. No permitamos que la actividad pol\u00edtica sea capturada por quienes solo se preocupan por sus propios intereses o los de su facci\u00f3n.\u00a0<\/div>\n<div>\u00a0<\/div>\n<div>En cinco a\u00f1os m\u00e1s, nuestro pa\u00eds cumplir\u00e1 los 200 de vida republicana. Elijamos a representantes que sean dignos de ese hito hist\u00f3rico. Los pastores del Per\u00fa deseamos sumarnos a la construcci\u00f3n de un pa\u00eds m\u00e1s justo y equitativo, en el que todos podamos vivir con dignidad y en paz.\u00a0<\/div>\n<div>\u00a0<\/div>\n<div>Los Obispos del Per\u00fa<\/div>\n<p><a href=\"http:\/\/web.hilo.org.pe\/wp-content\/uploads\/20160210_conferencia episcopal peruana.jpg\" target=\"_blank\" rel=\"noopener\">Ver archivo adjunto<\/a><\/p>\n","protected":false},"excerpt":{"rendered":"<p>La encrucijada actual<br \/>\nLos peruanos nos encontramos ante el desaf?o de emitir nuestro voto en las pr?ximas elecciones para la Presidencia y el Congreso de la Rep?blica. Elegiremos a los representantes que nos guiar?n hacia la celebraci?n del bicentenario de la naci?n. Con esta elecci?n se afianza una continuidad de procesos electorales, in?dita en nuestra historia.<\/p>\n","protected":false},"author":1,"featured_media":7973,"comment_status":"closed","ping_status":"closed","sticky":false,"template":"","format":"standard","meta":{"footnotes":""},"categories":[9],"tags":[],"class_list":["post-2675","post","type-post","status-publish","format-standard","has-post-thumbnail","hentry","category-noticias"],"_links":{"self":[{"href":"https:\/\/ceas.org.pe\/index.php\/wp-json\/wp\/v2\/posts\/2675","targetHints":{"allow":["GET"]}}],"collection":[{"href":"https:\/\/ceas.org.pe\/index.php\/wp-json\/wp\/v2\/posts"}],"about":[{"href":"https:\/\/ceas.org.pe\/index.php\/wp-json\/wp\/v2\/types\/post"}],"author":[{"embeddable":true,"href":"https:\/\/ceas.org.pe\/index.php\/wp-json\/wp\/v2\/users\/1"}],"replies":[{"embeddable":true,"href":"https:\/\/ceas.org.pe\/index.php\/wp-json\/wp\/v2\/comments?post=2675"}],"version-history":[{"count":1,"href":"https:\/\/ceas.org.pe\/index.php\/wp-json\/wp\/v2\/posts\/2675\/revisions"}],"predecessor-version":[{"id":6543,"href":"https:\/\/ceas.org.pe\/index.php\/wp-json\/wp\/v2\/posts\/2675\/revisions\/6543"}],"wp:featuredmedia":[{"embeddable":true,"href":"https:\/\/ceas.org.pe\/index.php\/wp-json\/wp\/v2\/media\/7973"}],"wp:attachment":[{"href":"https:\/\/ceas.org.pe\/index.php\/wp-json\/wp\/v2\/media?parent=2675"}],"wp:term":[{"taxonomy":"category","embeddable":true,"href":"https:\/\/ceas.org.pe\/index.php\/wp-json\/wp\/v2\/categories?post=2675"},{"taxonomy":"post_tag","embeddable":true,"href":"https:\/\/ceas.org.pe\/index.php\/wp-json\/wp\/v2\/tags?post=2675"}],"curies":[{"name":"wp","href":"https:\/\/api.w.org\/{rel}","templated":true}]}}