{"id":2670,"date":"2016-02-08T17:21:02","date_gmt":"2016-02-08T17:21:02","guid":{"rendered":""},"modified":"2026-03-11T09:12:06","modified_gmt":"2026-03-11T14:12:06","slug":"jornada-internacional-de-oracion-contra-la-trata-de-personas","status":"publish","type":"post","link":"https:\/\/ceas.org.pe\/index.php\/2016\/02\/08\/jornada-internacional-de-oracion-contra-la-trata-de-personas\/","title":{"rendered":"Jornada Internacional de Oraci\u00f3n contra la Trata de Personas"},"content":{"rendered":"<p>C\u00e1ritas. 8 de febrero de 2016.- Un a\u00f1o m\u00e1s, el Papa Francisco, apoyado por las Uniones Internacionales de Superioras y Superiores Generales (UISG y USG) y por el Consejo Pontificio de Justicia y Paz, nos invitan, en esta Jornada Internacional de Oraci\u00f3n contra la Trata de Personas 2016, a participar en vigilias de oraci\u00f3n contra la trata de personas que, en la festividad de santa Josefina Bakhita, tiene lugar hoy en todo el mundo.<\/p>\n<div>\u00a0<\/div>\n<div>Josefina Bakhita fue una esclava sudanesa v\u00edctimas de abusos y que, una vez liberada, ingres\u00f3 en la Congregaci\u00f3n de las Hijas de la Caridad Canosianas. Fue declarada santa en el a\u00f1o 2000.<\/div>\n<div>\u00a0<\/div>\n<div>El triste problema de la trata, como recuerda el Papa Francisco, no se refiere s\u00f3lo a las mujeres destinadas a la prostituci\u00f3n, sino tambi\u00e9n al tr\u00e1fico de ni\u00f1os y de personas destinadas al trabajo forzado, a la mendicidad o al tr\u00e1fico de \u00f3rganos: fen\u00f3menos que a menudo engendran la que se define como la esclavitud del siglo XXI.<\/div>\n<div>\u00a0<\/div>\n<div>Este fen\u00f3meno no afecta \u00fanicamente a unas \u00e1reas del mundo determinadas, sino que tiene una dimensi\u00f3n global que implica a tanto los pa\u00edses de procedencia de las personas v\u00edctimas de trata como a los de tr\u00e1nsito y a los pa\u00edses de llegada de las v\u00edctimas de esta lacra inhumana.<\/div>\n<div>\u00a0<\/div>\n<div><strong>\u201cEncender una luz contra la trata\u201d<\/strong><\/div>\n<div>\u00a0<\/div>\n<div>Ante la extensi\u00f3n y la complejidad de este fen\u00f3meno, C\u00e1ritas invita a toda su red confederal en Espa\u00f1a a \u201cencender una luz contra la trata de personas\u201d en las vigilias de oraci\u00f3n que se celebren en \u00a0las distintas parroquias y comunidades del pa\u00eds. En el resto del mundo, todas las C\u00e1ritas miembros de la red C\u00e1ritas Internationalis participan tambi\u00e9n en este gesto global de oraci\u00f3n convocado por el Papa.<\/div>\n<div>\u00a0<\/div>\n<div>Esta Jornada Internacional de Oraci\u00f3n contra la Trata es un gesto visible en el marco del A\u00f1o de la Misericordia, que quiere servir de est\u00edmulo a tantos cristianos, laicos y laicas \u00a0comprometidos de todo el mundo, y ayudar a leer \u201cestos signos de los tiempos\u201d en clave de presente.<\/div>\n<div>\u00a0<\/div>\n<div><strong>2,5 millones de v\u00edctimas cada a\u00f1o<\/strong><\/div>\n<div>\u00a0<\/div>\n<div>Seg\u00fan la Organizaci\u00f3n Internacional del Trabajo y la Oficina de Naciones Unidas, cada a\u00f1o cerca de 2,5 millones de personas, en su mayor\u00eda mujeres y ni\u00f1os, son v\u00edctimas de trata y de esclavitud. Para los traficantes y proxenetas esta es una de las actividades ilegales m\u00e1s lucrativas en el mundo, al generar un total de 32.000 millones de d\u00f3lares al a\u00f1o, lo que lo convierte en el tercer negocio m\u00e1s rentable despu\u00e9s de los tr\u00e1ficos de drogas y de armas.<\/div>\n<div>\u00a0<\/div>\n<div>\u00bfQu\u00e9 hacemos en este A\u00f1o de la Misericordia para combatir este esc\u00e1ndalo? Desde hace tiempo, en nuestra sociedad y tambi\u00e9n en el seno de la Iglesia se viene trabajando de forma coordinada entre diferentes grupos de reflexi\u00f3n, de acci\u00f3n y, tambi\u00e9n, de oraci\u00f3n.<\/div>\n<div>\u00a0<\/div>\n<div>Muchas \u00a0congregaciones religiosas est\u00e1n trabajando activamente en distintos lugares del mundo para prevenir el tr\u00e1fico de personas, sensibilizando, denunciando causas con incidencia en la pol\u00edtica social, acompa\u00f1ando y protegiendo a las v\u00edctimas.<\/div>\n<div>\u00a0<\/div>\n<div>Durante el a\u00f1o 2015, en Espa\u00f1a, han sido frecuentes los eventos contra la Trata, destacando entre otros, los Encuentros de RENATE (Red Europea de Religiosas contra la Trata) en Madrid y en Irlanda; o el Encuentro Internacional en El Escorial, los d\u00edas 30 y 31 de octubre, del Grupo Santa Marta\u2026<\/div>\n<div>\u00a0<\/div>\n<div>Caritas coordina, adem\u00e1s, el trabajo de COATNET (una coordinadora que agrupa a las organizaciones de inspiraci\u00f3n cristiana), que es una red mundial de 42 grupos y organizaciones que luchan contra el tr\u00e1fico de seres humanos.<\/div>\n<div>El primer paso para vencer a tr\u00e1fico es aumentar la conciencia mundial sobre c\u00f3mo este problema deshumaniza a la gente y llevar este conocimiento al nivel de acci\u00f3n. Por ello, el D\u00eda Internacional de Oraci\u00f3n y Concienciaci\u00f3n que se celebra hoy es una oportunidad para dar ese primer paso en la lucha contra la trata.<\/div>\n<div>\u00a0<\/div>\n<div>Fuente: caritas.es<\/div>\n<p><a href=\"http:\/\/web.hilo.org.pe\/wp-content\/uploads\/Jornada oracion.jpg\" target=\"_blank\" rel=\"noopener\">Ver archivo adjunto<\/a><\/p>\n","protected":false},"excerpt":{"rendered":"<p>C?ritas. 8 de febrero de 2016.- Un a?o m?s, el Papa Francisco, apoyado por las Uniones Internacionales de Superioras y Superiores Generales (UISG y USG) y por el Consejo Pontificio de Justicia y Paz, nos invitan, en esta Jornada Internacional de Oraci?n contra la Trata de Personas 2016, a participar en vigilias de oraci?n contra la trata de personas que, en la festividad de santa Josefina Bakhita, tiene lugar hoy en todo el mundo.<\/p>\n","protected":false},"author":1,"featured_media":7895,"comment_status":"closed","ping_status":"closed","sticky":false,"template":"","format":"standard","meta":{"footnotes":""},"categories":[9],"tags":[],"class_list":["post-2670","post","type-post","status-publish","format-standard","has-post-thumbnail","hentry","category-noticias"],"_links":{"self":[{"href":"https:\/\/ceas.org.pe\/index.php\/wp-json\/wp\/v2\/posts\/2670","targetHints":{"allow":["GET"]}}],"collection":[{"href":"https:\/\/ceas.org.pe\/index.php\/wp-json\/wp\/v2\/posts"}],"about":[{"href":"https:\/\/ceas.org.pe\/index.php\/wp-json\/wp\/v2\/types\/post"}],"author":[{"embeddable":true,"href":"https:\/\/ceas.org.pe\/index.php\/wp-json\/wp\/v2\/users\/1"}],"replies":[{"embeddable":true,"href":"https:\/\/ceas.org.pe\/index.php\/wp-json\/wp\/v2\/comments?post=2670"}],"version-history":[{"count":1,"href":"https:\/\/ceas.org.pe\/index.php\/wp-json\/wp\/v2\/posts\/2670\/revisions"}],"predecessor-version":[{"id":6548,"href":"https:\/\/ceas.org.pe\/index.php\/wp-json\/wp\/v2\/posts\/2670\/revisions\/6548"}],"wp:featuredmedia":[{"embeddable":true,"href":"https:\/\/ceas.org.pe\/index.php\/wp-json\/wp\/v2\/media\/7895"}],"wp:attachment":[{"href":"https:\/\/ceas.org.pe\/index.php\/wp-json\/wp\/v2\/media?parent=2670"}],"wp:term":[{"taxonomy":"category","embeddable":true,"href":"https:\/\/ceas.org.pe\/index.php\/wp-json\/wp\/v2\/categories?post=2670"},{"taxonomy":"post_tag","embeddable":true,"href":"https:\/\/ceas.org.pe\/index.php\/wp-json\/wp\/v2\/tags?post=2670"}],"curies":[{"name":"wp","href":"https:\/\/api.w.org\/{rel}","templated":true}]}}