{"id":2668,"date":"2016-02-08T17:15:22","date_gmt":"2016-02-08T17:15:22","guid":{"rendered":""},"modified":"2026-03-11T09:12:06","modified_gmt":"2026-03-11T14:12:06","slug":"gestiones-de-la-pontificia-comision-para-la-tutela-de-menores","status":"publish","type":"post","link":"https:\/\/ceas.org.pe\/index.php\/2016\/02\/08\/gestiones-de-la-pontificia-comision-para-la-tutela-de-menores\/","title":{"rendered":"Gestiones de la Pontificia Comisi\u00f3n para la Tutela de Menores"},"content":{"rendered":"<p>La Pontificia Comisi\u00f3n para la Tutela de Menores se ha reunido en Roma durante siete d\u00edas. En un comunicado entregado hoy por el director de la oficina de prensa, el padre Federico Lombardi, la comisi\u00f3n explica que los encuentros de los seis grupos de trabajo se han concentrado sobre la actualizaci\u00f3n de los proyectos en marcha y sobre el desarrollo y la elaboraci\u00f3n de las propuestas.<\/p>\n<div>\u00a0<\/div>\n<div>Los colaboradores externos que han asistido a los grupos de trabajo han sido el \u201cCatholic Fund for Overseas Development\u201d (CAFOD) (Fondo Cat\u00f3lico para el Desarrollo) y un experto de Derecho Penal Can\u00f3nico.<\/div>\n<div>\u00a0<\/div>\n<div>De este modo, se han presentado a la Asamblea Plenaria borradores de propuestas para discusiones posteriores y decisiones sobre las pol\u00edticas que se presentar\u00e1n al Santo Padre. \u201cLas l\u00edneas gu\u00eda \u2013explica el comunicado\u2013 servir\u00e1n para reconocer la diversidad de informaciones y orientaciones que actualmente est\u00e1n a disposici\u00f3n de la Iglesia en el mundo\u201d.<\/div>\n<div>\u00a0<\/div>\n<div>Asimismo indican que algunas propuestas para presentar al papa Francisco incluyen \u201cla petici\u00f3n de recordar a todas las autoridades de la Iglesia la importancia de una respuesta directa a las v\u00edctimas\u201d y \u201cla instituci\u00f3n de una Jornada Universal de Oraci\u00f3n y de una liturgia penitencial\u201d.<\/div>\n<div>\u00a0<\/div>\n<div>A lo largo del a\u00f1o, se han programado algunos seminarios sobre los aspectos unidos a la tutela de menores con la participaci\u00f3n de colaboradores externos, para \u201cestablecer mayor transparencia sobre los procesos can\u00f3nicos\u201d, indica el comunicado de la Comisi\u00f3n. Adem\u00e1s, indican que en la pr\u00f3xima Asamblea Plenaria ser\u00e1n presentados un informe y algunas recomendaciones y ser\u00e1 tambi\u00e9n activada un p\u00e1gina web para compartir las Buenas Normas para la tutela de los menores en el mundo.<\/div>\n<div>\u00a0<\/div>\n<div>Por otro lado, se\u00f1alan que \u201clos miembros de la Comisi\u00f3n est\u00e1n activamente en contacto con numerosas Conferencias Episcopales, y han presentado el tema de la tutela de menores a las Conferencias de Religiosos y a las Congregaciones\u201d.<\/div>\n<div>\u00a0<\/div>\n<div>Tambi\u00e9n explican que a lo largo del a\u00f1o los miembros de la Comisi\u00f3n se han reunido con obispos y las autoridades que se ocupan de la tutela de los menores en Filipinas, en Austria, en las Islas del Pac\u00edfico, en Nueva Zelanda, Escocia, Polonia, Am\u00e9rica Central (Costa Rica), United States National Safe Environment and Victims Assistance Coordinators (SECs) y con los Coordinadores de la Asistencia a las V\u00edctimas (VACs). Y tras los seminarios conducidos por los miembros de la Comisi\u00f3n en el pasado mes de agosto en Filipinas, la Conferencia Episcopal de Filipinas ha creado una oficina para la tutela de los menores y ha formulado una exhortaci\u00f3n pastoral sobre el cuidado pastoral y la protecci\u00f3n de los menores.<\/div>\n<div>\u00a0<\/div>\n<div>En el pr\u00f3ximo mes de marzo, est\u00e1 programado un encuentro en Ghana con los secretarios generales del Simposio de las Conferencias Episcopales de \u00c1frica y Madagascar (SECAM), y un segundo encuentro con los m\u00e9dicos de la Asociaci\u00f3n de Miembros de la Conferencia Episcopal de \u00c1frica oriental (AMECA) en Tanzania, que se ocupan de la tutela de menores. Los miembros de la Comisi\u00f3n participan tambi\u00e9n en la Conferencia Angl\u00f3fona de Tutela que se celebra en Roma y en la United States National Safe Environment and Victims Assistance Coordinators 2016. Finalmente, para el 2017, la Federaci\u00f3n de las Conferencias Episcopales de Asia (FABC) ha pedido un seminario con los miembros de la Comisi\u00f3n.<\/div>\n<div>\u00a0<\/div>\n<div>Por otro lado, la Comisi\u00f3n ha dado la bienvenida al reciente anuncio que dentro de una semana, en la Pontificia Universidad Gregoriana, dar\u00e1 inicio el primer curso de estudios para conseguir un diploma para la Tutela de Menores, con 19 participantes procedentes de cuatro continentes: \u00c1frica, Europa, Am\u00e9rica y Asia.<\/div>\n<div>\u00a0<\/div>\n<div>Para concluir el comunicado, en el que informan de las \u00faltimas novedades, indican que el encuentro de la Comisi\u00f3n en septiembre de 2016 tendr\u00e1 el objetivo estrat\u00e9gico de tutelas a los menores en las escuelas cat\u00f3licas, pidiendo contribuciones de expertos de Am\u00e9rica Latina, Inglaterra y Gales.<\/div>\n<div>\u00a0<\/div>\n<div>El pasado fin de semana, la Comisi\u00f3n anunci\u00f3 que uno de sus miembros, el activista brit\u00e1nico contra la pedofilia Peter Saunders, que hab\u00eda sido v\u00edctima de abusos por parte de un sacerdote cat\u00f3lico cuando era peque\u00f1o, dejaba de formar parte del grupo. La Comisi\u00f3n Pontificia para la protecci\u00f3n de menores \u2013indic\u00f3 un comunicado publicado el s\u00e1bado\u2013 discuti\u00f3 la orientaci\u00f3n y los objetivos de la propia comisi\u00f3n. Como resultado de la discusi\u00f3n se decidi\u00f3 que el se\u00f1or Peter Saunders tomar\u00e1 un per\u00edodo de licencia en su participaci\u00f3n como miembro para reflexionar c\u00f3mo \u00e9l pueda contribuir del mejor modo en el trabajo de la comisi\u00f3n.\u00a0<\/div>\n<div>\u00a0<\/div>\n<div>Fuente: es.zenit.org<\/div>\n<p><a href=\"http:\/\/web.hilo.org.pe\/wp-content\/uploads\/La Pontificia.jpg\" target=\"_blank\" rel=\"noopener\">Ver archivo adjunto<\/a><\/p>\n","protected":false},"excerpt":{"rendered":"<p>La Pontificia Comisi?n para la Tutela de Menores se ha reunido en Roma durante siete d?as. En un comunicado entregado hoy por el director de la oficina de prensa, el padre Federico Lombardi, la comisi?n explica que los encuentros de los seis grupos de trabajo se han concentrado sobre la actualizaci?n de los proyectos en marcha y sobre el desarrollo y la elaboraci?n de las propuestas.<\/p>\n","protected":false},"author":1,"featured_media":7995,"comment_status":"closed","ping_status":"closed","sticky":false,"template":"","format":"standard","meta":{"footnotes":""},"categories":[9],"tags":[],"class_list":["post-2668","post","type-post","status-publish","format-standard","has-post-thumbnail","hentry","category-noticias"],"_links":{"self":[{"href":"https:\/\/ceas.org.pe\/index.php\/wp-json\/wp\/v2\/posts\/2668","targetHints":{"allow":["GET"]}}],"collection":[{"href":"https:\/\/ceas.org.pe\/index.php\/wp-json\/wp\/v2\/posts"}],"about":[{"href":"https:\/\/ceas.org.pe\/index.php\/wp-json\/wp\/v2\/types\/post"}],"author":[{"embeddable":true,"href":"https:\/\/ceas.org.pe\/index.php\/wp-json\/wp\/v2\/users\/1"}],"replies":[{"embeddable":true,"href":"https:\/\/ceas.org.pe\/index.php\/wp-json\/wp\/v2\/comments?post=2668"}],"version-history":[{"count":1,"href":"https:\/\/ceas.org.pe\/index.php\/wp-json\/wp\/v2\/posts\/2668\/revisions"}],"predecessor-version":[{"id":6550,"href":"https:\/\/ceas.org.pe\/index.php\/wp-json\/wp\/v2\/posts\/2668\/revisions\/6550"}],"wp:featuredmedia":[{"embeddable":true,"href":"https:\/\/ceas.org.pe\/index.php\/wp-json\/wp\/v2\/media\/7995"}],"wp:attachment":[{"href":"https:\/\/ceas.org.pe\/index.php\/wp-json\/wp\/v2\/media?parent=2668"}],"wp:term":[{"taxonomy":"category","embeddable":true,"href":"https:\/\/ceas.org.pe\/index.php\/wp-json\/wp\/v2\/categories?post=2668"},{"taxonomy":"post_tag","embeddable":true,"href":"https:\/\/ceas.org.pe\/index.php\/wp-json\/wp\/v2\/tags?post=2668"}],"curies":[{"name":"wp","href":"https:\/\/api.w.org\/{rel}","templated":true}]}}