{"id":2665,"date":"2016-02-03T18:17:04","date_gmt":"2016-02-03T18:17:04","guid":{"rendered":""},"modified":"2026-03-11T09:12:06","modified_gmt":"2026-03-11T14:12:06","slug":"cursos-para-docentes-ofrecio-odec-callao","status":"publish","type":"post","link":"https:\/\/ceas.org.pe\/index.php\/2016\/02\/03\/cursos-para-docentes-ofrecio-odec-callao\/","title":{"rendered":"Cursos para docentes ofreci\u00f3 ODEC Callao"},"content":{"rendered":"<p>La ODEC Callao inicia el a\u00f1o con dos cursos muy importantes dirigidos a todos los educadores chalacos de escuelas p\u00fablicas y \u00a0privadas: Se trata del III CONGRESO PASTORAL EDUCATIVO y la Jornada de Actualizaci\u00f3n Pedag\u00f3gica 2016. El primero se realizar\u00e1 del 8 al 12 de Febrero en la IEP. Mar\u00eda Auxiliadora, ubicado en Nicol\u00e1s de Pi\u00e9rola \u00a0350 &#8211; Callao. El segundo, del 16 al 18 del presente mes, en el CETPRO Virgen del Carmen., ubicado en Av. Venezuela 1198 La Perla \u2013 Callao.<\/p>\n<div>\u00a0<\/div>\n<div>El III Congreso Pastoral Educativo, que se desarrolla bajo el lema: \u201cFUNDAMENTOS PARA LA DEFENSA DE LA VIDA Y LA FAMILIA\u201d, busca articular aspectos formativos pastorales y morales, para brindar una educaci\u00f3n de calidad para la comunidad chalaca. Adem\u00e1s de contribuir a la formaci\u00f3n \u00a0de los educadores en la fe que sirvan de soporte en la formaci\u00f3n de los estudiantes y sus familias. Todo ello, responde al diagn\u00f3stico situacional de la Provincia Constitucional del Callao, realizado por la Oficina Diocesana de Educaci\u00f3n Cat\u00f3lica.\u00a0<\/div>\n<div>\u00a0<\/div>\n<div>Entre sus principales ponentes tenemos: el Padre. Oscar Balc\u00e1zar, el \u00a0Mg. Juan Barrera, la Mg. Bertha Terrazas y Monse\u00f1or Jos\u00e9 Luis del Palacio.<\/div>\n<div>\u00a0<\/div>\n<div>Por otro lado, la Jornada de Actualizaci\u00f3n se desarrollar\u00e1 a trav\u00e9s de un Taller T\u00e9cnico en Programaci\u00f3n y Evaluaci\u00f3n de Competencias para la Calidad del \u00a0Aprendizaje, en donde se abordar\u00e1n las siguientes tem\u00e1ticas: El rol del maestro en la evaluaci\u00f3n, Evaluaci\u00f3n y medici\u00f3n de la calidad, Programaci\u00f3n y Evaluaci\u00f3n, T\u00e9cnicas e instrumentos de evaluaci\u00f3n, Evaluaci\u00f3n de competencias y las ECE.<\/div>\n<div>\u00a0<\/div>\n<div>Para informes e inscripciones, dirigirse a la sede de la ODEC en Jr. Mama Ocllo Cdr 2 \u2013 Pasaje Valpara\u00edso- Urb. Benjam\u00edn Doig o comunicarse al 457 \u2013 5683.<\/div>\n<div>\u00a0<\/div>\n<div>\u00a0Fuente: diocesisdelcallao.org<\/div>\n<p><a href=\"http:\/\/web.hilo.org.pe\/wp-content\/uploads\/Cursos.jpg\" target=\"_blank\" rel=\"noopener\">Ver archivo adjunto<\/a><\/p>\n","protected":false},"excerpt":{"rendered":"<p>La ODEC Callao inicia el a?o con dos cursos muy importantes dirigidos a todos los educadores chalacos de escuelas p?blicas y  privadas: Se trata del III CONGRESO PASTORAL EDUCATIVO y la Jornada de Actualizaci?n Pedag?gica 2016.<\/p>\n","protected":false},"author":1,"featured_media":7943,"comment_status":"closed","ping_status":"closed","sticky":false,"template":"","format":"standard","meta":{"footnotes":""},"categories":[9],"tags":[],"class_list":["post-2665","post","type-post","status-publish","format-standard","has-post-thumbnail","hentry","category-noticias"],"_links":{"self":[{"href":"https:\/\/ceas.org.pe\/index.php\/wp-json\/wp\/v2\/posts\/2665","targetHints":{"allow":["GET"]}}],"collection":[{"href":"https:\/\/ceas.org.pe\/index.php\/wp-json\/wp\/v2\/posts"}],"about":[{"href":"https:\/\/ceas.org.pe\/index.php\/wp-json\/wp\/v2\/types\/post"}],"author":[{"embeddable":true,"href":"https:\/\/ceas.org.pe\/index.php\/wp-json\/wp\/v2\/users\/1"}],"replies":[{"embeddable":true,"href":"https:\/\/ceas.org.pe\/index.php\/wp-json\/wp\/v2\/comments?post=2665"}],"version-history":[{"count":1,"href":"https:\/\/ceas.org.pe\/index.php\/wp-json\/wp\/v2\/posts\/2665\/revisions"}],"predecessor-version":[{"id":6553,"href":"https:\/\/ceas.org.pe\/index.php\/wp-json\/wp\/v2\/posts\/2665\/revisions\/6553"}],"wp:featuredmedia":[{"embeddable":true,"href":"https:\/\/ceas.org.pe\/index.php\/wp-json\/wp\/v2\/media\/7943"}],"wp:attachment":[{"href":"https:\/\/ceas.org.pe\/index.php\/wp-json\/wp\/v2\/media?parent=2665"}],"wp:term":[{"taxonomy":"category","embeddable":true,"href":"https:\/\/ceas.org.pe\/index.php\/wp-json\/wp\/v2\/categories?post=2665"},{"taxonomy":"post_tag","embeddable":true,"href":"https:\/\/ceas.org.pe\/index.php\/wp-json\/wp\/v2\/tags?post=2665"}],"curies":[{"name":"wp","href":"https:\/\/api.w.org\/{rel}","templated":true}]}}