{"id":2662,"date":"2016-02-01T09:25:15","date_gmt":"2016-02-01T09:25:15","guid":{"rendered":""},"modified":"2026-03-11T09:12:07","modified_gmt":"2026-03-11T14:12:07","slug":"11-de-febrero-jornada-mundial-del-enfermo","status":"publish","type":"post","link":"https:\/\/ceas.org.pe\/index.php\/2016\/02\/01\/11-de-febrero-jornada-mundial-del-enfermo\/","title":{"rendered":"11 de febrero: Jornada Mundial del Enfermo"},"content":{"rendered":"<p>Ciudad del Vaticano (EVARED).- La ma\u00f1ana de este jueves 28 de enero, en la Oficina de Prensa de la Santa Sede, se llev\u00f3 a cabo la presentaci\u00f3n de la XXIV Jornada Mundial del Enfermo que se celebrar\u00e1 en Nazaret (Tierra Santa), el pr\u00f3ximo 11 de febrero, festividad de Nuestra Se\u00f1ora de Lourdes. \u00a0El tema de la Jornada para este a\u00f1o 2016 es &#8216;Confiar en Jes\u00fas misericordioso como Mar\u00eda: &#8216;Haced lo que \u00c9l os diga&#8217;, tomado del relato de las bodas de Can\u00e1 seg\u00fan el evangelio de san Juan.<\/p>\n<p>Han intervenido el arzobispo Zygmunt Zimowski, Presidente del Pontificio Consejo de los Agentes Sanitarios (Pastoral de la Salud),Mons. Mons. Jean-Marie Mate Musivi Mupendawatu, Secretario de ese dicasterio; el revdo. Augusto Chendi, subsecretario del mismo, el rev.do P. Pietro Felet, S.C.I., Segretario general de la Asamblea de los Ordinarios Cat\u00f3licos de Tierra Santa y Referente locale para la Organizaci\u00f3n de la Jornada Mundial del Enfermo 2016<\/p>\n<div>El lugar de la celebraci\u00f3n de la Jornada, Nazaret, Tierra Santa, es el primer punto a destacar en esa Jornada, dijo el arzobispo Zimowski. Nazaret es el lugar de la Encarnaci\u00f3n, donde Jes\u00fas comenz\u00f3 su misi\u00f3n salv\u00edfica y en Galilea realiz\u00f3 muchas curaciones, como narra el Evangelio de san Marcos -le\u00eddo en estos d\u00edas- en el que Cristo llama a los enfermos para sanarlos y a su vez es llamaado por ellos. &#8216;Todos estamos llamados constamente aunque cada uno de una manera diferente -explic\u00f3 el prelado- El ser humano sufre en diferentes lugares y, a veces, sufre terriblemente y llama a otra persona porque necesita su ayuda y su presencia. Puede ser que nos intimide el hecho de no poder \u00abcurar\u00bb, de no poder ayudar como Jes\u00fas. Pero intentemos superar estse embarazo. Lo importante es ir. Estar al lado de quien sufre que, quiz\u00e1 m\u00e1s que la curaci\u00f3n, necesita la presencia, el coraz\u00f3n humano lleno de misericordia, de solidaridad&#8217;.<\/div>\n<div>\u00a0<\/div>\n<div>&#8216;Se trata -continu\u00f3- de los m\u00e9dicos, de los enfermeros. De todos los representantes de los profesionales sanitarios. Se trata de las instituciones que sirven a la salud humana&#8230;Debemos, por lo tanto, a toda costa sostener esa buena tradici\u00f3n: la obra del m\u00e9dico o del enfermero se trata no s\u00f3lo como una profesi\u00f3n, sino tambi\u00e9n, y quiz\u00e1 sobre todo como un servicio, una \u00abvocaci\u00f3n\u00bb. El cuidado de los disminuidos f\u00edsicos y de los ancianos, el cuidado de los enfermos mentales, estos sectors son, m\u00e1s que cualquier otro sector de la vida social, la piedra de parang\u00f3n de la cultura de la sociedad y del Estado&#8217;.<\/div>\n<div>\u00a0<\/div>\n<div>En segundo lugar, el arzobispo record\u00f3 que la Jornada se inserta en el Jubileo extraordinario de la Misericordia y que durante ella se visitar\u00e1 la bas\u00edlica del Santo Sepulcro y de la Agon\u00eda (Getseman\u00ed), los lugares donde Cristo se entreg\u00f3 por nuestra salvaci\u00f3n. &#8216;Jes\u00fas uni\u00f3 a la humanidad a trav\u00e9s de su cruz, y la celebraci\u00f3n de la Jornada Mundial de los Enfermos en Tierra Santa nos ayudar\u00e1 a poner en pr\u00e1ctica el deseo que el Papa Francisco expres\u00f3 en la Bula de indicci\u00f3n, el de que el A\u00f1o Jubilar vivido en la misericordia pueda favorecer el encuentro con el Juda\u00edsmo, el Islam y con las otras nobles tradiciones religiosas; nos haga m\u00e1s abiertos al di\u00e1logo para conocernos y comprendernos mejor; elimine toda forma de cerraz\u00f3n y desprecio, y aleje cualquier forma de violencia y de discriminaci\u00f3n. Cada hospital o casa de cura puede ser un signo visible y un lugar para promover la cultura del encuentro y de la paz, donde la experiencia de la enfermedad y el sufrimiento, as\u00ed como la ayuda profesional y fraternal contribuyan a superar todos los l\u00edmites y todas las divisiones&#8217;.<\/div>\n<div>\u00a0<\/div>\n<div>Por \u00faltimo el arzobispo habl\u00f3 del papel de los servidores en las bodas de Can\u00e1 a los que Mar\u00eda pide que hagan lo que Cristo les diga .&#8217;Por supuesto -record\u00f3- el milagro se lleva a cabo a trav\u00e9s de la obra de Cristo. Sin embargo, El quiere contar con la ayuda humana para obrar el prodigio. Habria podido hacer que el vino apareciese directamente en las tinajas. Pero quiere valerse de la colaboraci\u00f3n humana, y le pide a los sirvientes que las llenen de agua. \u00a1Cuanto es inapreciable y agradable a Dios hacerse siervos de los dem\u00e1s! Esto, m\u00e1s que cualquier otra cosa, nos asimila a Jes\u00fas, que \u00abno vino para ser servido, sino para servir\u00bb .<\/div>\n<div>&#8216;El fruto de esta Jornada -concluy\u00f3- debe ser concreto, la proximidad de nuestro coraz\u00f3n que se expresa en la misericordia para con los enfermos y necesitados, a los que tenemos que hacer sentir la cercan\u00eda material y espiritual de toda la comunidad cristiana. Es importante no dejarlos en el abandono y la soledad, mientras se enfrentan a un momento muy delicado en su vida&#8217;.<\/div>\n<div>\u00a0<\/div>\n<div>El Padre Chendi ilustr\u00f3 el programa de la Jornada que se articula en tres momentos: lit\u00fargicos; de profundizaci\u00f3n teol\u00f3gico- pastorales, en los que participan el 9 de febrero en el Pontificio Instituto Notre Dame Center de Jerusal\u00e9n los Ordinarios Cat\u00f3licos, as\u00ed como los patriarcas y obispos de las Iglesias hermanas de Tierra Santa; en actos concretos de caridad, como la visita a diversos hospitales y estructuras de cura y acogida en el territorio.<\/div>\n<div>\u00a0<\/div>\n<div>El Subsecretario record\u00f3 ante todo la indulgencia plenaria concedida por el Santo Padre para los que participen en esta Jornada con la intenci\u00f3n explic\u00edta de que a trav\u00e9s de la pr\u00e1ctica de las obras de misericordia corporales y espirituales &#8216;encuentren un testimonio renovado y aut\u00e9ntico y descubran el sentido cristiano del sufrimiento y de compartirla con los hermanos&#8217;.<\/div>\n<div>\u00a0<\/div>\n<div>Por cuanto respecta a la dimensi\u00f3n teol\u00f3gico- pastoral, el congreso del 9 de febrero brindar\u00e1 la oportunidad de verificar los problemas, tambi\u00e9n de tipo \u00e9tico y pastoral que son urgentes tanto desde el punto de vista cl\u00ednico-asistencial como legislativo. En particular, a la ense\u00f1a del valor inviolable de cada vida humana y de la dignidad singular de la que est\u00e1 revestida toda persona, se afrontar\u00e1n los problemas vinculados con el final de la vida y con la acogida de personas con diversas patolog\u00edas invalidantes f\u00edsica o ps\u00edquicamente&#8217;.<\/div>\n<div>\u00a0<\/div>\n<div>En relaci\u00f3n a la dimensi\u00f3n caritativa, el Padre Chendi, explic\u00f3 que las visitas previstas a algunas estructuras cat\u00f3licas y no cat\u00f3licas que trabajan en Tierra Santa, constituir\u00e1n &#8216;el signo tangible de lo que el Papa Franciso indica en su Mensaje como la &#8216;ternura premurosa&#8217; de Mar\u00eda en Can\u00e1 de Galilea que se traduce en la disposici\u00f3n al servicio de los necesitados y concretamente de nuestros hermanos y hermanas enfermos&#8217;.<\/div>\n<div>\u00a0<\/div>\n<div>Fuente: VIS<\/div>\n<p><a href=\"http:\/\/web.hilo.org.pe\/wp-content\/uploads\/Jornadamundialenfermo.jpg\" target=\"_blank\" rel=\"noopener\">Ver archivo adjunto<\/a><\/p>\n","protected":false},"excerpt":{"rendered":"<p>Ciudad del Vaticano (EVARED).- La ma?ana de este jueves 28 de enero, en la Oficina de Prensa de la Santa Sede, se llev? a cabo la presentaci?n de la XXIV Jornada Mundial del Enfermo que se celebrar? en Nazaret (Tierra Santa), el pr?ximo 11 de febrero, festividad de Nuestra Se?ora de Lourdes.<\/p>\n","protected":false},"author":1,"featured_media":7848,"comment_status":"closed","ping_status":"closed","sticky":false,"template":"","format":"standard","meta":{"footnotes":""},"categories":[9],"tags":[],"class_list":["post-2662","post","type-post","status-publish","format-standard","has-post-thumbnail","hentry","category-noticias"],"_links":{"self":[{"href":"https:\/\/ceas.org.pe\/index.php\/wp-json\/wp\/v2\/posts\/2662","targetHints":{"allow":["GET"]}}],"collection":[{"href":"https:\/\/ceas.org.pe\/index.php\/wp-json\/wp\/v2\/posts"}],"about":[{"href":"https:\/\/ceas.org.pe\/index.php\/wp-json\/wp\/v2\/types\/post"}],"author":[{"embeddable":true,"href":"https:\/\/ceas.org.pe\/index.php\/wp-json\/wp\/v2\/users\/1"}],"replies":[{"embeddable":true,"href":"https:\/\/ceas.org.pe\/index.php\/wp-json\/wp\/v2\/comments?post=2662"}],"version-history":[{"count":1,"href":"https:\/\/ceas.org.pe\/index.php\/wp-json\/wp\/v2\/posts\/2662\/revisions"}],"predecessor-version":[{"id":6556,"href":"https:\/\/ceas.org.pe\/index.php\/wp-json\/wp\/v2\/posts\/2662\/revisions\/6556"}],"wp:featuredmedia":[{"embeddable":true,"href":"https:\/\/ceas.org.pe\/index.php\/wp-json\/wp\/v2\/media\/7848"}],"wp:attachment":[{"href":"https:\/\/ceas.org.pe\/index.php\/wp-json\/wp\/v2\/media?parent=2662"}],"wp:term":[{"taxonomy":"category","embeddable":true,"href":"https:\/\/ceas.org.pe\/index.php\/wp-json\/wp\/v2\/categories?post=2662"},{"taxonomy":"post_tag","embeddable":true,"href":"https:\/\/ceas.org.pe\/index.php\/wp-json\/wp\/v2\/tags?post=2662"}],"curies":[{"name":"wp","href":"https:\/\/api.w.org\/{rel}","templated":true}]}}