{"id":2661,"date":"2016-01-29T12:26:23","date_gmt":"2016-01-29T12:26:23","guid":{"rendered":""},"modified":"2026-03-11T09:12:07","modified_gmt":"2026-03-11T14:12:07","slug":"hoy-es-el-doa-mundial-por-la-reduccion-de-las-emisiones-de-co2","status":"publish","type":"post","link":"https:\/\/ceas.org.pe\/index.php\/2016\/01\/29\/hoy-es-el-doa-mundial-por-la-reduccion-de-las-emisiones-de-co2\/","title":{"rendered":"Hoy es el D\u00f3a Mundial por la Reducci\u00f3n de las Emisiones de CO2"},"content":{"rendered":"<p>Cada 28 de enero se celebra el D\u00eda Mundial por la Reducci\u00f3n de las Emisiones de CO2, con la finalidad de generar conciencia sobre el cambio clim\u00e1tico global, especialmente sobre la disminuci\u00f3n de gases de efecto invernadero.\u00a0<\/p>\n<div>\u00a0<\/div>\n<div>Cabe se\u00f1alar que para una mujer embarazada es importante evitar el contacto con estos peligros. Si se dan estos contactos, debe conocer c\u00f3mo enfrentar o disminuir las reacciones y los riesgos. El contacto con sustancias t\u00f3xicas puede ser tan peligroso que lleva a producir malformaciones, discapacidades y hasta la muerte de los ni\u00f1os al nacer. El peligro no solo est\u00e1 presente durante el embarazo de la mujer, puede ser que antes del embarazo la mujer haya tenido contacto con ciertas sustancias t\u00f3xicas, o el padre del ni\u00f1o haya tenido este contacto, y se producen las consecuencias negativas. Problemas como malformaciones en el cuerpo, ni\u00f1os con bajo peso, retardo mental pueden originarse por el contacto con sustancias t\u00f3xicas que se han olido, han penetrado por la piel o han sido tomadas por embarazadas.<\/div>\n<div>\u00a0<\/div>\n<div>&#8230;porque todo beb\u00e9 tiene el derecho a nacer saludable!<\/div>\n<div>\u00a0<\/div>\n<div>Fuente: prenatal.tv<\/div>\n<p><a href=\"http:\/\/web.hilo.org.pe\/wp-content\/uploads\/Emisiones.jpg\" target=\"_blank\" rel=\"noopener\">Ver archivo adjunto<\/a><\/p>\n","protected":false},"excerpt":{"rendered":"<p>Cada 28 de enero se celebra el D?a Mundial por la Reducci?n de las Emisiones de CO2, con la finalidad de generar conciencia sobre el cambio clim?tico global, especialmente sobre la disminuci?n de gases de efecto invernadero.<\/p>\n","protected":false},"author":1,"featured_media":8091,"comment_status":"closed","ping_status":"closed","sticky":false,"template":"","format":"standard","meta":{"footnotes":""},"categories":[9],"tags":[],"class_list":["post-2661","post","type-post","status-publish","format-standard","has-post-thumbnail","hentry","category-noticias"],"_links":{"self":[{"href":"https:\/\/ceas.org.pe\/index.php\/wp-json\/wp\/v2\/posts\/2661","targetHints":{"allow":["GET"]}}],"collection":[{"href":"https:\/\/ceas.org.pe\/index.php\/wp-json\/wp\/v2\/posts"}],"about":[{"href":"https:\/\/ceas.org.pe\/index.php\/wp-json\/wp\/v2\/types\/post"}],"author":[{"embeddable":true,"href":"https:\/\/ceas.org.pe\/index.php\/wp-json\/wp\/v2\/users\/1"}],"replies":[{"embeddable":true,"href":"https:\/\/ceas.org.pe\/index.php\/wp-json\/wp\/v2\/comments?post=2661"}],"version-history":[{"count":1,"href":"https:\/\/ceas.org.pe\/index.php\/wp-json\/wp\/v2\/posts\/2661\/revisions"}],"predecessor-version":[{"id":6557,"href":"https:\/\/ceas.org.pe\/index.php\/wp-json\/wp\/v2\/posts\/2661\/revisions\/6557"}],"wp:featuredmedia":[{"embeddable":true,"href":"https:\/\/ceas.org.pe\/index.php\/wp-json\/wp\/v2\/media\/8091"}],"wp:attachment":[{"href":"https:\/\/ceas.org.pe\/index.php\/wp-json\/wp\/v2\/media?parent=2661"}],"wp:term":[{"taxonomy":"category","embeddable":true,"href":"https:\/\/ceas.org.pe\/index.php\/wp-json\/wp\/v2\/categories?post=2661"},{"taxonomy":"post_tag","embeddable":true,"href":"https:\/\/ceas.org.pe\/index.php\/wp-json\/wp\/v2\/tags?post=2661"}],"curies":[{"name":"wp","href":"https:\/\/api.w.org\/{rel}","templated":true}]}}