{"id":2658,"date":"2016-01-27T17:34:04","date_gmt":"2016-01-27T17:34:04","guid":{"rendered":""},"modified":"2026-03-11T09:12:07","modified_gmt":"2026-03-11T14:12:07","slug":"nombra-a-nuevo-secretario-general-de-coritas-del-pero","status":"publish","type":"post","link":"https:\/\/ceas.org.pe\/index.php\/2016\/01\/27\/nombra-a-nuevo-secretario-general-de-coritas-del-pero\/","title":{"rendered":"Nombra a nuevo Secretario General de C\u00f3ritas del Per\u00f3"},"content":{"rendered":"<p>La Asamblea de Obispos Asociados de C\u00e1ritas del Per\u00fa realizada el 23 de enero de 2016 ha elegido como nuevo Secretario General al Ing. Ramiro Benjam\u00edn Mendoza Medina.<\/p>\n<div>\u00a0<\/div>\n<div>Ramiro Mendoza naci\u00f3 en la ciudad de Andahuaylas, en la regi\u00f3n Apur\u00edmac. Posee una s\u00f3lida formaci\u00f3n acad\u00e9mica en temas de organizaci\u00f3n y gesti\u00f3n empresarial. Es ingeniero agr\u00f3nomo por la Universidad Nacional Agraria La Molina y Magister en Administraci\u00f3n de Negocios de ESAN. \u00a0<\/div>\n<div>\u00a0<\/div>\n<div>Cuenta con 7 a\u00f1os de experiencia profesional en el sector de Agricultura y Agroindustria, 8 a\u00f1os en Turismo y Hoteler\u00eda, 3 a\u00f1os en peque\u00f1as empresas, as\u00ed como en Aduanas y Periodismo.\u00a0<\/div>\n<div>\u00a0<\/div>\n<div>Es autor de publicaciones como \u201cApuntes para la descentralizaci\u00f3n con inversi\u00f3n\u201d, \u201cMapa de riqueza potencial\u201d, entre otras.<\/div>\n<div>\u00a0<\/div>\n<div>Durante su presentaci\u00f3n como nuevo Secretario General, el Ing. Ramiro Mendoza manifest\u00f3 sentirse agradecido por tener la oportunidad de contribuir a mejorar la calidad de vida de miles de familias en extrema pobreza en todo el pa\u00eds, desde su trabajo al frente de una instituci\u00f3n tan reconocida como C\u00e1ritas del Per\u00fa.<\/div>\n<div>\u00a0<\/div>\n<div>Fuente: caritas.org.pe<\/div>\n<p><a href=\"http:\/\/web.hilo.org.pe\/wp-content\/uploads\/Secretariocaritas.jpg\" target=\"_blank\" rel=\"noopener\">Ver archivo adjunto<\/a><\/p>\n","protected":false},"excerpt":{"rendered":"<p>La Asamblea de Obispos Asociados de C?ritas del Per? realizada el 23 de enero de 2016 ha elegido como nuevo Secretario General al Ing. Ramiro Benjam?n Mendoza Medina.<\/p>\n","protected":false},"author":1,"featured_media":7918,"comment_status":"closed","ping_status":"closed","sticky":false,"template":"","format":"standard","meta":{"footnotes":""},"categories":[9],"tags":[],"class_list":["post-2658","post","type-post","status-publish","format-standard","has-post-thumbnail","hentry","category-noticias"],"_links":{"self":[{"href":"https:\/\/ceas.org.pe\/index.php\/wp-json\/wp\/v2\/posts\/2658","targetHints":{"allow":["GET"]}}],"collection":[{"href":"https:\/\/ceas.org.pe\/index.php\/wp-json\/wp\/v2\/posts"}],"about":[{"href":"https:\/\/ceas.org.pe\/index.php\/wp-json\/wp\/v2\/types\/post"}],"author":[{"embeddable":true,"href":"https:\/\/ceas.org.pe\/index.php\/wp-json\/wp\/v2\/users\/1"}],"replies":[{"embeddable":true,"href":"https:\/\/ceas.org.pe\/index.php\/wp-json\/wp\/v2\/comments?post=2658"}],"version-history":[{"count":1,"href":"https:\/\/ceas.org.pe\/index.php\/wp-json\/wp\/v2\/posts\/2658\/revisions"}],"predecessor-version":[{"id":6560,"href":"https:\/\/ceas.org.pe\/index.php\/wp-json\/wp\/v2\/posts\/2658\/revisions\/6560"}],"wp:featuredmedia":[{"embeddable":true,"href":"https:\/\/ceas.org.pe\/index.php\/wp-json\/wp\/v2\/media\/7918"}],"wp:attachment":[{"href":"https:\/\/ceas.org.pe\/index.php\/wp-json\/wp\/v2\/media?parent=2658"}],"wp:term":[{"taxonomy":"category","embeddable":true,"href":"https:\/\/ceas.org.pe\/index.php\/wp-json\/wp\/v2\/categories?post=2658"},{"taxonomy":"post_tag","embeddable":true,"href":"https:\/\/ceas.org.pe\/index.php\/wp-json\/wp\/v2\/tags?post=2658"}],"curies":[{"name":"wp","href":"https:\/\/api.w.org\/{rel}","templated":true}]}}