{"id":2648,"date":"2016-01-20T17:08:57","date_gmt":"2016-01-20T17:08:57","guid":{"rendered":""},"modified":"2026-03-11T09:12:07","modified_gmt":"2026-03-11T14:12:07","slug":"ser-portadores-de-la-misericordia-de-cristo-pide-francisco","status":"publish","type":"post","link":"https:\/\/ceas.org.pe\/index.php\/2016\/01\/20\/ser-portadores-de-la-misericordia-de-cristo-pide-francisco\/","title":{"rendered":"Ser portadores de la misericordia de Cristo, pide Francisco"},"content":{"rendered":"<p>El papa Francisco record\u00f3 hoy que el A\u00f1o Santo de la Misericordia comenz\u00f3 \u201cen toda la Iglesia y se celebra en cada di\u00f3cesis, como un signo visible del amor misericordioso del Padre y de la comuni\u00f3n universal\u201d y destac\u00f3 que \u201cla Iglesia, que es \u201cuna\u201d, vive la comuni\u00f3n con Dios mismo\u201d.\u00a0<\/p>\n<div>\u00a0<\/div>\n<div>En su catequesis durante la audiencia general de los mi\u00e9rcoles, el pont\u00edfice argentino afirm\u00f3 que \u201ceste misterio de comuni\u00f3n hace crecer y madurar en nuestro coraz\u00f3n el amor de Dios, que se manifiesta en la misericordia y el perd\u00f3n. Amar y perdonar son el signo concreto y visible de que la fe ha cambiado nuestros corazones. Este gran signo de la vida cristiana se transforma despu\u00e9s en muchos otros signos que son caracter\u00edsticos del Jubileo, como el atravesar la Puerta Santa\u201d.\u00a0<\/div>\n<div>\u00a0<\/div>\n<div>\u201cLa Puerta simboliza al mismo Jes\u00fas. Cuando pasamos por ella manifestamos nuestra confianza en \u00c9l y el deseo de una verdadera conversi\u00f3n. Jes\u00fas nos anima a salir al encuentro de los dem\u00e1s para llevarles su amor. La confesi\u00f3n es tambi\u00e9n un signo importante del Jubileo\u201d, se\u00f1al\u00f3.\u00a0<\/div>\n<div>\u00a0<\/div>\n<div>\u201cAcercarse al sacramento de la Reconciliaci\u00f3n es recibir directamente la misericordia divina y, si nos abrimos a ella, tambi\u00e9n nosotros seremos capaces de perdonar a los dem\u00e1s\u201d,<\/div>\n<div>agreg\u00f3.\u00a0<\/div>\n<div>\u00a0<\/div>\n<div>Francisco salud\u00f3 a los peregrinos de lengua espa\u00f1ola, en particular a los venidos de Espa\u00f1a y Latinoam\u00e9rica, a quienes anim\u00f3 a \u201cabrir la puerta del coraz\u00f3n para dejar entrar a Cristo y ser portadores de su misericordia\u201d y les dese\u00f3 tambi\u00e9n \u201cuna buena preparaci\u00f3n y una santa celebraci\u00f3n de la Navidad\u201d.<\/div>\n<div>\u00a0<\/div>\n<div>Fuente: celam.org<\/div>\n<p>\u00a0<\/p>\n<p><a href=\"http:\/\/web.hilo.org.pe\/wp-content\/uploads\/portadoresmisericordia.jpg\" target=\"_blank\" rel=\"noopener\">Ver archivo adjunto<\/a><\/p>\n","protected":false},"excerpt":{"rendered":"<p>El papa Francisco record? hoy que el A?o Santo de la Misericordia comenz? ?en toda la Iglesia y se celebra en cada di?cesis, como un signo visible del amor misericordioso del Padre y de la comuni?n universal? y destac? que ?la Iglesia, que es ?una?, vive la comuni?n con Dios mismo?.<\/p>\n","protected":false},"author":1,"featured_media":7855,"comment_status":"closed","ping_status":"closed","sticky":false,"template":"","format":"standard","meta":{"footnotes":""},"categories":[9],"tags":[],"class_list":["post-2648","post","type-post","status-publish","format-standard","has-post-thumbnail","hentry","category-noticias"],"_links":{"self":[{"href":"https:\/\/ceas.org.pe\/index.php\/wp-json\/wp\/v2\/posts\/2648","targetHints":{"allow":["GET"]}}],"collection":[{"href":"https:\/\/ceas.org.pe\/index.php\/wp-json\/wp\/v2\/posts"}],"about":[{"href":"https:\/\/ceas.org.pe\/index.php\/wp-json\/wp\/v2\/types\/post"}],"author":[{"embeddable":true,"href":"https:\/\/ceas.org.pe\/index.php\/wp-json\/wp\/v2\/users\/1"}],"replies":[{"embeddable":true,"href":"https:\/\/ceas.org.pe\/index.php\/wp-json\/wp\/v2\/comments?post=2648"}],"version-history":[{"count":1,"href":"https:\/\/ceas.org.pe\/index.php\/wp-json\/wp\/v2\/posts\/2648\/revisions"}],"predecessor-version":[{"id":6570,"href":"https:\/\/ceas.org.pe\/index.php\/wp-json\/wp\/v2\/posts\/2648\/revisions\/6570"}],"wp:featuredmedia":[{"embeddable":true,"href":"https:\/\/ceas.org.pe\/index.php\/wp-json\/wp\/v2\/media\/7855"}],"wp:attachment":[{"href":"https:\/\/ceas.org.pe\/index.php\/wp-json\/wp\/v2\/media?parent=2648"}],"wp:term":[{"taxonomy":"category","embeddable":true,"href":"https:\/\/ceas.org.pe\/index.php\/wp-json\/wp\/v2\/categories?post=2648"},{"taxonomy":"post_tag","embeddable":true,"href":"https:\/\/ceas.org.pe\/index.php\/wp-json\/wp\/v2\/tags?post=2648"}],"curies":[{"name":"wp","href":"https:\/\/api.w.org\/{rel}","templated":true}]}}