{"id":2647,"date":"2016-01-19T18:13:07","date_gmt":"2016-01-19T18:13:07","guid":{"rendered":""},"modified":"2026-03-11T09:12:07","modified_gmt":"2026-03-11T14:12:07","slug":"preparativos-en-moxico-para-recibir-el-papa-francisco","status":"publish","type":"post","link":"https:\/\/ceas.org.pe\/index.php\/2016\/01\/19\/preparativos-en-moxico-para-recibir-el-papa-francisco\/","title":{"rendered":"Preparativos en M\u00f3xico para recibir el Papa Francisco"},"content":{"rendered":"<p>(RV).- Los mexicanos que viven en los Estados Unidos, se preparan para viajar a la frontera para participar en la Solemne Celebraci\u00f3n Eucar\u00edstica que presidir\u00e1 el Papa Francisco en Ciudad Ju\u00e1rez.<\/p>\n<p>Ciudad Ju\u00e1rez confina con la ciudad texana de El Paso, y ser\u00e1 la \u00faltima escala del Papa en su peregrinaci\u00f3n apost\u00f3lica a M\u00e9xico, que comienza el pr\u00f3ximo 12 de febrero.<\/p>\n<div>Jes\u00fas Villanueva de Radio Guadalupe 1300 AM, Emisora de la Di\u00f3cesis de Fresno en California, EE.UU., habla con Radio Vaticana acerca del significado que la visita del Papa tiene para los mexicanos, las necesidades pastorales de los hispanos que viven en los Estados Unidos, la situaci\u00f3n de los j\u00f3venes, entre otras cosas:<\/div>\n<div>\u00a0<\/div>\n<div>\u00a0<\/div>\n<div><strong>Esperanza de los hispanos que viven en EE.UU.<\/strong> \u00abM\u00e9xico recibe al Papa con los brazos abiertos y los latinos que vivimos aqu\u00ed en los Estados Unidos nos sentimos muy contentos por esta visita del Papa\u00bb. \u00abAqu\u00ed hay un gran n\u00famero de inmigrantes indocumentados, que est\u00e1n siempre en espera de la Reforma Migratoria que les de la paz y la tranquilidad para disfrutar de todas las bendiciones que un pa\u00eds como los EE.UU. ofrece\u00bb. En ese sentido, la visita del Papa Francisco a la ciudad fronteriza de Ciudad Ju\u00e1rez adem\u00e1s de ser \u00abuna oportunidad para todos los hermanos de Texas, Nuevo M\u00e9xico, Arizona, y muchos que desde California para verlo en Ciudad Ju\u00e1rez\u00bb, constituye \u00abuna esperanza para el pueblo latinoamericano que reside en los EE.UU.\u00bb. \u00abSabemos que \u00e9l trae un mensaje muy especial para toda la Iglesia, y en particular para esa parte de la Rep\u00fablica Mexicana donde tanto se necesita, por la convergencia de los dos pa\u00edses, y que adem\u00e1s cuenta con una poblaci\u00f3n cat\u00f3lica muy grande\u00bb.<\/div>\n<div>\u00a0<\/div>\n<div>Una oportunidad y una bendici\u00f3n. As\u00ed ven los latinos que viven en la Di\u00f3cesis de Fresno la visita del Sucesor de Pedro a la frontera M\u00e9xico con \u00a0EE.UU. La Di\u00f3cesis de Fresno, sufrag\u00e1nea de la Arquidi\u00f3cesis de Los \u00c1ngeles, cuenta con \u00abun mill\u00f3n doscientos mil cat\u00f3licos\u00bb, indica Villanueva, de los cuales, un \u00absetenta por ciento son cat\u00f3licos hispanos\u00bb, es decir, unos 770mil latinos. Predominan los mexicanos, pero tambi\u00e9n hay \u00abperuanos, guatemaltecos\u00bb. De ah\u00ed la \u00abgran necesidad de vocaciones sacerdotales, religiosas y di\u00e1conos permanentes\u00bb porque \u00abel cuidado pastoral de un pueblo tan grande como \u00e9ste requiere mucho servicio, sobre todo cuando sabemos que las familias latinas que llegan, para incorporarse a la sociedad de EE.UU., necesitan seguimiento y cuidado pastoral de nuestra Iglesia\u00bb. \u00abRadio Guadalupe trabaja con empe\u00f1o para llegar a ese pueblo con la Evangelizaci\u00f3n\u00bb, explica Jes\u00fas, tambi\u00e9n con \u00abla ense\u00f1anza del Papa Francisco a trav\u00e9s de Radio Vaticano\u00bb.<\/div>\n<div>\u00a0<\/div>\n<div>Hablando de la situaci\u00f3n de los j\u00f3venes, Villanueva se\u00f1ala que en el Estado de la California los j\u00f3venes \u00abhan trabajado siempre por lograr la consideraci\u00f3n de sus derechos como estudiantes, con el deseo de asistir a la universidad\u00bb. Pero por otra parte, \u00abmuchos de los que logran acceder luego se encuentran con el problema de que si no tienen la legalizaci\u00f3n de la residencia tienen dificultad para los empleos\u00bb. A pesar de la demora en la Reforma Migratoria, Villanueva expresa que est\u00e1n \u00abviendo una corriente que nos entusiasma: que pronto, este problema pueda resolverse\u00bb, y \u00abque todo migrante que vive en los Estados Unidos, con el derecho que se ha ganado con su trabajo, con su educaci\u00f3n, y con su buena forma de vivir pueda adquirir su estabilidad y disfrutar de todo lo que el pa\u00eds ofrece a todos sus ciudadanos\u00bb.<\/div>\n<div>\u00a0<\/div>\n<div>Fuente: es.radiovaticana.va<\/div>\n<p><a href=\"http:\/\/web.hilo.org.pe\/wp-content\/uploads\/Mexicoesperaalpapa.JPG\" target=\"_blank\" rel=\"noopener\">Ver archivo adjunto<\/a><\/p>\n","protected":false},"excerpt":{"rendered":"<p>(RV).- Los mexicanos que viven en los Estados Unidos, se preparan para viajar a la frontera para participar en la Solemne Celebraci?n Eucar?stica que presidir? el Papa Francisco en Ciudad Ju?rez.<\/p>\n","protected":false},"author":1,"featured_media":7855,"comment_status":"closed","ping_status":"closed","sticky":false,"template":"","format":"standard","meta":{"footnotes":""},"categories":[9],"tags":[],"class_list":["post-2647","post","type-post","status-publish","format-standard","has-post-thumbnail","hentry","category-noticias"],"_links":{"self":[{"href":"https:\/\/ceas.org.pe\/index.php\/wp-json\/wp\/v2\/posts\/2647","targetHints":{"allow":["GET"]}}],"collection":[{"href":"https:\/\/ceas.org.pe\/index.php\/wp-json\/wp\/v2\/posts"}],"about":[{"href":"https:\/\/ceas.org.pe\/index.php\/wp-json\/wp\/v2\/types\/post"}],"author":[{"embeddable":true,"href":"https:\/\/ceas.org.pe\/index.php\/wp-json\/wp\/v2\/users\/1"}],"replies":[{"embeddable":true,"href":"https:\/\/ceas.org.pe\/index.php\/wp-json\/wp\/v2\/comments?post=2647"}],"version-history":[{"count":1,"href":"https:\/\/ceas.org.pe\/index.php\/wp-json\/wp\/v2\/posts\/2647\/revisions"}],"predecessor-version":[{"id":6571,"href":"https:\/\/ceas.org.pe\/index.php\/wp-json\/wp\/v2\/posts\/2647\/revisions\/6571"}],"wp:featuredmedia":[{"embeddable":true,"href":"https:\/\/ceas.org.pe\/index.php\/wp-json\/wp\/v2\/media\/7855"}],"wp:attachment":[{"href":"https:\/\/ceas.org.pe\/index.php\/wp-json\/wp\/v2\/media?parent=2647"}],"wp:term":[{"taxonomy":"category","embeddable":true,"href":"https:\/\/ceas.org.pe\/index.php\/wp-json\/wp\/v2\/categories?post=2647"},{"taxonomy":"post_tag","embeddable":true,"href":"https:\/\/ceas.org.pe\/index.php\/wp-json\/wp\/v2\/tags?post=2647"}],"curies":[{"name":"wp","href":"https:\/\/api.w.org\/{rel}","templated":true}]}}