{"id":2646,"date":"2016-01-19T18:10:03","date_gmt":"2016-01-19T18:10:03","guid":{"rendered":""},"modified":"2026-03-11T09:12:07","modified_gmt":"2026-03-11T14:12:07","slug":"minedu-y-gobiernos-regionales-coordinan-presupuesto-educativo-2016","status":"publish","type":"post","link":"https:\/\/ceas.org.pe\/index.php\/2016\/01\/19\/minedu-y-gobiernos-regionales-coordinan-presupuesto-educativo-2016\/","title":{"rendered":"Minedu y gobiernos regionales coordinan Presupuesto Educativo 2016"},"content":{"rendered":"<p>Durante la primera sesi\u00f3n del a\u00f1o de la Comisi\u00f3n Intergubernamental del Sector Educaci\u00f3n, autoridades regionales y representantes de la Alta Direcci\u00f3n del Ministerio de Educaci\u00f3n (Minedu) coordinaron diversas medidas para asegurar la eficiente ejecuci\u00f3n del Presupuesto Educativo 2016 a favor de la reforma educativa y de la calidad formativa de todos los escolares del pa\u00eds.\u00a0<\/p>\n<div>\u00a0<\/div>\n<div>Liderados por el titular del sector Jaime Saavedra Chanduv\u00ed, los funcionarios adoptaron diversos acuerdos y entre ellos, el Minedu se comprometi\u00f3 a gestionar oportunamente los pedidos de transferencias de partidas y modificaciones a favor de los gobiernos regionales.\u00a0<\/div>\n<div>\u00a0<\/div>\n<div>De esta forma se busca asegurar el financiamiento de los diversos proyectos del sector, especialmente los vinculados a la implementaci\u00f3n de la Ley de Reforma Magisterial.\u00a0<\/div>\n<div>\u00a0<\/div>\n<div>Los representantes del sector acordaron tambi\u00e9n respaldar la reforma de le educaci\u00f3n superior tecnol\u00f3gica tras analizar los alcances de la Ley de Institutos y Escuelas de Educaci\u00f3n Superior.<\/div>\n<div>\u00a0<\/div>\n<div>Esa norma tiene la finalidad de mejorar la calidad de la oferta formativa vincul\u00e1ndola a la demanda productiva. Adem\u00e1s permitir\u00e1 optimizar la gesti\u00f3n de esas instituciones educativas para lograr que se conviertan en un factor de \u00e9xito en el desarrollo socioecon\u00f3mico regional y nacional.<\/div>\n<div>\u00a0<\/div>\n<div>La sesi\u00f3n se desarroll\u00f3 el viernes 8 de enero con la participaci\u00f3n de representantes de la Asamblea Nacional de Gobiernos Regionales (ANGR), alcaldes provinciales y distritales integrantes de la Asociaci\u00f3n de Municipalidades del Per\u00fa (AMPE) y de la Red de Municipalidades Urbanas y Rurales del Per\u00fa (Remurpe).<\/div>\n<div>\u00a0<\/div>\n<div>Tambi\u00e9n participaron funcionarios de la Secretar\u00eda de Descentralizaci\u00f3n de la PCM. La Comisi\u00f3n Intergubernamental del Sector Educaci\u00f3n es un espacio multilateral de encuentro y decisi\u00f3n entre el Minedu, los gobiernos regionales y los gobiernos locales.<\/div>\n<div>\u00a0<\/div>\n<div>Fuente: minedu.gob.pe<\/div>\n<div>\u00a0<\/div>\n<p>\u00a0<\/p>\n<p><a href=\"http:\/\/web.hilo.org.pe\/wp-content\/uploads\/Presupuesto.jpg\" target=\"_blank\" rel=\"noopener\">Ver archivo adjunto<\/a><\/p>\n","protected":false},"excerpt":{"rendered":"<p>Durante la primera sesi?n del a?o de la Comisi?n Intergubernamental del Sector Educaci?n, autoridades regionales y representantes de la Alta Direcci?n del Ministerio de Educaci?n (Minedu) coordinaron diversas medidas para asegurar la eficiente ejecuci?n del Presupuesto Educativo 2016 a favor de la reforma educativa y de la calidad formativa de todos los escolares del pa?s.<\/p>\n","protected":false},"author":1,"featured_media":7924,"comment_status":"closed","ping_status":"closed","sticky":false,"template":"","format":"standard","meta":{"footnotes":""},"categories":[9],"tags":[],"class_list":["post-2646","post","type-post","status-publish","format-standard","has-post-thumbnail","hentry","category-noticias"],"_links":{"self":[{"href":"https:\/\/ceas.org.pe\/index.php\/wp-json\/wp\/v2\/posts\/2646","targetHints":{"allow":["GET"]}}],"collection":[{"href":"https:\/\/ceas.org.pe\/index.php\/wp-json\/wp\/v2\/posts"}],"about":[{"href":"https:\/\/ceas.org.pe\/index.php\/wp-json\/wp\/v2\/types\/post"}],"author":[{"embeddable":true,"href":"https:\/\/ceas.org.pe\/index.php\/wp-json\/wp\/v2\/users\/1"}],"replies":[{"embeddable":true,"href":"https:\/\/ceas.org.pe\/index.php\/wp-json\/wp\/v2\/comments?post=2646"}],"version-history":[{"count":1,"href":"https:\/\/ceas.org.pe\/index.php\/wp-json\/wp\/v2\/posts\/2646\/revisions"}],"predecessor-version":[{"id":6572,"href":"https:\/\/ceas.org.pe\/index.php\/wp-json\/wp\/v2\/posts\/2646\/revisions\/6572"}],"wp:featuredmedia":[{"embeddable":true,"href":"https:\/\/ceas.org.pe\/index.php\/wp-json\/wp\/v2\/media\/7924"}],"wp:attachment":[{"href":"https:\/\/ceas.org.pe\/index.php\/wp-json\/wp\/v2\/media?parent=2646"}],"wp:term":[{"taxonomy":"category","embeddable":true,"href":"https:\/\/ceas.org.pe\/index.php\/wp-json\/wp\/v2\/categories?post=2646"},{"taxonomy":"post_tag","embeddable":true,"href":"https:\/\/ceas.org.pe\/index.php\/wp-json\/wp\/v2\/tags?post=2646"}],"curies":[{"name":"wp","href":"https:\/\/api.w.org\/{rel}","templated":true}]}}