{"id":2643,"date":"2016-01-15T09:18:05","date_gmt":"2016-01-15T09:18:05","guid":{"rendered":""},"modified":"2026-03-11T09:12:07","modified_gmt":"2026-03-11T14:12:07","slug":"oquo-logro-el-pero-en-su-participacion-en-la-cop21o","status":"publish","type":"post","link":"https:\/\/ceas.org.pe\/index.php\/2016\/01\/15\/oquo-logro-el-pero-en-su-participacion-en-la-cop21o\/","title":{"rendered":"\u00f3Qu\u00f3 logro el Per\u00f3 en su participaci\u00f3n en la COP21\u00f3"},"content":{"rendered":"<p>No hay duda de que el Per\u00fa tuvo un rol importante y activo en la COP21: facilitador en las negociaciones; l\u00edder de 2 \u00e1reas de acci\u00f3n de la Agenda de Acci\u00f3n Lima-Par\u00eds (LPAA); y organizador de eventos paralelos para mostrar las diferentes acciones clim\u00e1ticas que se vienen emprendiendo a nivel nacional para luchar contra el cambio clim\u00e1tico.<\/p>\n<div>\u00a0<\/div>\n<div>En esta l\u00ednea, el Per\u00fa, a trav\u00e9s de su participaci\u00f3n, logr\u00f3 4 acuerdos en la importante cumbre clim\u00e1tica:<\/div>\n<div>\u00a0<\/div>\n<div>\u00a0<\/div>\n<div><strong>\u00b7 Gobierno de Noruega oficializa contribuci\u00f3n econ\u00f3mica para conservaci\u00f3n de bosques peruanos<\/strong><\/div>\n<div>\u00a0<\/div>\n<div>En el segundo d\u00eda de la COP21, el Gobierno Noruego oficializ\u00f3 el desembolso de alrededor de 5 millones de d\u00f3lares al Gobierno Peruano destinados a contribuir con la adecuada gesti\u00f3n de los bosques para su conservaci\u00f3n. \u00a0Este acuerdo es parte de los compromisos asumidos por Noruega y, a su vez, representa la primera entrega del convenio suscrito entre ambos pa\u00edses en el a\u00f1o 2014, durante la Cumbre del Clima (Nueva York), en el que el pa\u00eds europeo se comprometi\u00f3 a apoyar al Per\u00fa con hasta 300 millones de d\u00f3lares de fondos para proteger los bosques amaz\u00f3nicos, siempre y cuando el Per\u00fa demuestre avances en el cumplimiento de metas sobre la gesti\u00f3n adecuada de estos ecosistemas.<\/div>\n<div>\u00a0<\/div>\n<div>En esta primera fase, el PNUD y el Banco Interamericano de Desarrollo (BID) proporcionar\u00e1n apoyo t\u00e9cnico al Gobierno del Per\u00fa para desarrollar el plan propuesto. Se calcula que, hasta el a\u00f1o 2017, los fondos noruegos se utilizar\u00e1n en la implementaci\u00f3n de las reformas clave y de las instituciones necesarias para que el Per\u00fa reduzca la deforestaci\u00f3n y mida los resultados. En la siguiente fase (2017-2021), Noruega pagar\u00e1 US$ 5 por cada tonelada de reducci\u00f3n de emisiones verificadas gracias a la reducci\u00f3n de la deforestaci\u00f3n hasta sumar un total de 250 millones de d\u00f3lares. Estos fondos ser\u00e1n canalizados a trav\u00e9s del Programa de las Naciones Unidas para el Desarrollo (PNUD).<\/div>\n<div>\u00a0<\/div>\n<div>Este acto representa un gran avance nacional para la conservaci\u00f3n de bosques y, contribuye, al mismo tiempo, con el fortalecimiento de la Estrategia Nacional de Conservaci\u00f3n de Bosques y Cambio Clim\u00e1tico y as\u00ed como con los reglamentos de la Ley Forestal que son pol\u00edticas concretas para combatir la principal amenaza de los bosques: la deforestaci\u00f3n por cambio de uso de suelo.<\/div>\n<div><strong><br \/>\n<\/strong><\/div>\n<div><strong>\u00b7 Per\u00fa es parte del Pacto de Par\u00eds sobre el Agua y la adaptaci\u00f3n al cambio clim\u00e1tico<\/strong><\/div>\n<div>\u00a0<\/div>\n<div>En el marco del evento sobre el \u00e1rea de acci\u00f3n de Resiliencia de la Agenda de Acci\u00f3n Lima Par\u00eds \u00a0(LPAA), se anunci\u00f3 la adopci\u00f3n de este \u201cPacto del Agua\u201d, que re\u00fane a 300 actores comprometidos con elevar acciones que incrementen la resiliencia de las cuencas de r\u00edos, lagos, acu\u00edferos y los deltas y reduzcan la interferencia humana en los oc\u00e9anos. As\u00ed, el Pacto abarca compromisos individuales y colectivos para implementar planes de adaptaci\u00f3n, fortalecimiento de sistemas de medici\u00f3n y monitoreo de las cuencas hidrogr\u00e1ficas; promoci\u00f3n de la sostenibilidad financiera; y, generaci\u00f3n de nuevas inversiones para la gesti\u00f3n del sistema de agua.<\/div>\n<div>\u00a0<\/div>\n<div>En esta l\u00ednea, el Per\u00fa, junto con Ecuador, Brasil y Colombia, anunciaron un compromiso conjunto de 3 a\u00f1os, con el Programa Ecocuencas, que buscar\u00e1 ser un mecanismo financiero para promover proyectos de adaptaci\u00f3n al cambio clim\u00e1tico en las cuencas hidrogr\u00e1ficas, con el apoyo de la Comisi\u00f3n Europea.<\/div>\n<div>\u00a0<\/div>\n<div>En su conjunto, los proyectos del \u201cPacto del Agua\u201d representan m\u00e1s de US$20 millones en asistencia t\u00e9cnica y potencialmente m\u00e1s de US$ 1 mil millones en financiaci\u00f3n.<\/div>\n<div>\u00a0<\/div>\n<div><strong>\u00b7Per\u00fa contar\u00e1 con herramienta oficial para medir deforestaci\u00f3n y emisiones de carbono<\/strong><\/div>\n<div>\u00a0<\/div>\n<div>En el marco de las actividades paralelas de la COP21, el Ministro del Ambiente Manuel Pulgar-Vidal, entreg\u00f3 la \u00faltima versi\u00f3n del documento sobre el Nivel de Referencia de Emisiones Forestales por Deforestacion Nacional a la Secretaria de la Convenci\u00f3n Marco de las Naciones Unidas sobre Cambio Clim\u00e1tico (CMNUCC), Christiana Figueres. Esta herramienta ser\u00e1 la base para la medici\u00f3n, reporte y verificaci\u00f3n de la reducci\u00f3n de emisiones de carbono forestal y le permitir\u00e1 al Per\u00fa implementar actividades REDD+ para desacelerar, frenar y revertir la p\u00e9rdida sus bosques.<\/div>\n<div>\u00a0<\/div>\n<div>Con ello, se espera que a partir de enero del 2016, el Per\u00fa sea uno de los cinco pa\u00edses de Am\u00e9rica Latina, despu\u00e9s de Brasil, Ecuador, Colombia y M\u00e9xico, en contar con esta herramienta. Esta contribuci\u00f3n es de especial importancia porque permitir\u00e1 que el pa\u00eds mida sus avances en mitigaci\u00f3n y conozca hacia d\u00f3nde se orientan sus esfuerzos de lucha contra el cambio clim\u00e1tico.<\/div>\n<div><strong><br \/>\n<\/strong><\/div>\n<div><strong>\u00b7 Iniciativa L\u00edderes +1 re\u00fane empresarios comprometidos por un desarrollo sostenible<\/strong><\/div>\n<div>\u00a0<\/div>\n<div>Son 30 empresarios peruanos de destacada presencia los miembros de L\u00edderes+1, iniciativa que promueve negocios sist\u00e9micos de econom\u00eda circular, fomentando la innovaci\u00f3n y las sinergias p\u00fablico-privadas a nivel nacional e internacional, de manera que se active la agenda de crecimiento verde a trav\u00e9s de mejores pol\u00edticas de desarrollo sostenible.<\/div>\n<div>\u00a0<\/div>\n<div>Esta iniciativa demuestra el compromiso y participaci\u00f3n activa del sector privado del Per\u00fa, que busca tener incidencia en la agenda clim\u00e1tica global, adoptando modelos contextualizados de iniciativas empresariales exitosas, tales como The Prince of Wales Corporate Leaders Group, We Mean Business Coalition, Chile CLG y The B Team.<\/div>\n<div>\u00a0<\/div>\n<div>Fuente: cop20.pe<\/div>\n<p><a href=\"http:\/\/web.hilo.org.pe\/wp-content\/uploads\/cop21.jpg\" target=\"_blank\" rel=\"noopener\">Ver archivo adjunto<\/a><\/p>\n","protected":false},"excerpt":{"rendered":"<p>No hay duda de que el Per? tuvo un rol importante y activo en la COP21: facilitador en las negociaciones; l?der de 2 ?reas de acci?n de la Agenda de Acci?n Lima-Par?s (LPAA); y organizador de eventos paralelos para mostrar las diferentes acciones clim?ticas que se vienen emprendiendo a nivel nacional para luchar contra el cambio clim?tico.<\/p>\n","protected":false},"author":1,"featured_media":8090,"comment_status":"closed","ping_status":"closed","sticky":false,"template":"","format":"standard","meta":{"footnotes":""},"categories":[9],"tags":[],"class_list":["post-2643","post","type-post","status-publish","format-standard","has-post-thumbnail","hentry","category-noticias"],"_links":{"self":[{"href":"https:\/\/ceas.org.pe\/index.php\/wp-json\/wp\/v2\/posts\/2643","targetHints":{"allow":["GET"]}}],"collection":[{"href":"https:\/\/ceas.org.pe\/index.php\/wp-json\/wp\/v2\/posts"}],"about":[{"href":"https:\/\/ceas.org.pe\/index.php\/wp-json\/wp\/v2\/types\/post"}],"author":[{"embeddable":true,"href":"https:\/\/ceas.org.pe\/index.php\/wp-json\/wp\/v2\/users\/1"}],"replies":[{"embeddable":true,"href":"https:\/\/ceas.org.pe\/index.php\/wp-json\/wp\/v2\/comments?post=2643"}],"version-history":[{"count":1,"href":"https:\/\/ceas.org.pe\/index.php\/wp-json\/wp\/v2\/posts\/2643\/revisions"}],"predecessor-version":[{"id":6575,"href":"https:\/\/ceas.org.pe\/index.php\/wp-json\/wp\/v2\/posts\/2643\/revisions\/6575"}],"wp:featuredmedia":[{"embeddable":true,"href":"https:\/\/ceas.org.pe\/index.php\/wp-json\/wp\/v2\/media\/8090"}],"wp:attachment":[{"href":"https:\/\/ceas.org.pe\/index.php\/wp-json\/wp\/v2\/media?parent=2643"}],"wp:term":[{"taxonomy":"category","embeddable":true,"href":"https:\/\/ceas.org.pe\/index.php\/wp-json\/wp\/v2\/categories?post=2643"},{"taxonomy":"post_tag","embeddable":true,"href":"https:\/\/ceas.org.pe\/index.php\/wp-json\/wp\/v2\/tags?post=2643"}],"curies":[{"name":"wp","href":"https:\/\/api.w.org\/{rel}","templated":true}]}}