{"id":2642,"date":"2016-01-14T10:23:55","date_gmt":"2016-01-14T10:23:55","guid":{"rendered":""},"modified":"2026-03-11T09:12:07","modified_gmt":"2026-03-11T14:12:07","slug":"programa-operado-por-coritas-en-huancavelica-recibe-reconocimiento-de-prompero","status":"publish","type":"post","link":"https:\/\/ceas.org.pe\/index.php\/2016\/01\/14\/programa-operado-por-coritas-en-huancavelica-recibe-reconocimiento-de-prompero\/","title":{"rendered":"Programa operado por C\u00f3ritas en Huancavelica recibe reconocimiento de Promper\u00f3"},"content":{"rendered":"<p>El reconocimiento que se otorg\u00f3 a las artesanas de Makyss se realiz\u00f3 en el marco del d\u00eda del exportador, como parte de las actividades que Promper\u00fa realiza para premiar el esfuerzo de empresas exportadoras de la Macro Regi\u00f3n Centro (Pasco, Hu\u00e1nuco, Jun\u00edn, Huancavelica y Ayacucho). Las artesanas ocuparon el segundo lugar en la categor\u00eda \u201cCompetitividad exportadora\u00bb del sector Industria de la Vestimenta.\u00a0<\/p>\n<p>El premio a \u00a0las mujeres artesanas de Makyss fue otorgado \u00a0por la ministra de Comercio Exterior y Turismo, Magali Silva Velarde, el 21 de diciembre de 2015, durante las actividades de promoci\u00f3n de cultivos andinos que Promper\u00fa realiz\u00f3 en la ciudad de Huancayo. \u00a0<\/p>\n<div>\u00a0<\/div>\n<div>Entre los indicadores que Promper\u00fa evalu\u00f3 para otorgar este premio a Makyss se encuentran el incremento de ingresos de las artesanas por la venta de las prendas elaboradas con fibra de alpaca, el desarrollo de productos de calidad y el \u00a0fortalecimiento comercial de la asociaci\u00f3n que ha logrado exportar prendas a Dinamarca y Alemania.\u00a0<\/div>\n<div>\u00a0<\/div>\n<div>Ximena Rom\u00e1n Pastor, Promotora de la Oficina Macro Regional de Exportaci\u00f3n Centro, destaca los factores que influyeron para otorgar el premio a las mujeres artesanas de Makyss. \u00a0<\/div>\n<div>\u00a0<\/div>\n<div>\u201cSe ha tenido en cuenta la constante participaci\u00f3n de Makyss en eventos de promoci\u00f3n, lo que les ha permitido establecer contactos en el extranjero; \u00a0el dise\u00f1o del producto y \u00a0la asociatividad. Como Promper\u00fa, nos interesa no solo capacitar a este tipo de asociaciones sino involucrarlas en actividades de promoci\u00f3n que les sirvan para establecer contactos con compradores\u201d, se\u00f1al\u00f3. \u00a0<\/div>\n<div>\u00a0<\/div>\n<div>Y es que el trabajo de las mujeres artesanas de Makyss combina moda y arte ancestral en perfecta armon\u00eda, para ofrecerle al mundo accesorios y prendas de vestir hechas con fibra de alpaca y otras fibras naturales de la mejor calidad.<\/div>\n<div>\u00a0<\/div>\n<div>Entre las principales prendas que elabora Makyss \u00a0destacan las chompas, gorros, guantes, mitones y ponchos; tanto para damas como para caballeros. Las artesanas tambi\u00e9n cuentan con una l\u00ednea exclusiva de chales y chalinas hechas con la t\u00e9cnica del telar, que genera texturas suaves y finas.\u00a0<\/div>\n<div>\u00a0<\/div>\n<div>\u201cEste premio nos llena de orgullo y alegr\u00eda. Las madres de la asociaci\u00f3n est\u00e1n muy contentas y motivadas por este reconocimiento y porque nuestras prendas est\u00e1n llegando al extranjero. Ahora nuestra meta es seguir trabajando para conseguir vender nuestras prendas en otros pa\u00edses y conseguir un mejor precio\u201d, se\u00f1al\u00f3, Vicenta Ramos, presidenta de la Asociaci\u00f3n de Artesanas.\u00a0<\/div>\n<div>\u00a0<\/div>\n<div>Makyss nace en el marco del programa PRA Buenaventura, programa de desarrollo productivo y articulaci\u00f3n comercial de la C\u00eda. de Minas Buenaventura, que est\u00e1 siendo operado por C\u00e1ritas del Per\u00fa desde el a\u00f1o 2014.<\/div>\n<div>\u00a0<\/div>\n<div>Fuente: caritas.org.pe<\/div>\n<p><a href=\"http:\/\/web.hilo.org.pe\/wp-content\/uploads\/Artesanashuancavelica.jpg\" target=\"_blank\" rel=\"noopener\">Ver archivo adjunto<\/a><\/p>\n","protected":false},"excerpt":{"rendered":"<p>El reconocimiento que se otorg? a las artesanas de Makyss se realiz? en el marco del d?a del exportador, como parte de las actividades que Promper? realiza para premiar el esfuerzo de empresas exportadoras de la Macro Regi?n Centro (Pasco, Hu?nuco, Jun?n, Huancavelica y Ayacucho).<\/p>\n","protected":false},"author":1,"featured_media":7905,"comment_status":"closed","ping_status":"closed","sticky":false,"template":"","format":"standard","meta":{"footnotes":""},"categories":[9],"tags":[],"class_list":["post-2642","post","type-post","status-publish","format-standard","has-post-thumbnail","hentry","category-noticias"],"_links":{"self":[{"href":"https:\/\/ceas.org.pe\/index.php\/wp-json\/wp\/v2\/posts\/2642","targetHints":{"allow":["GET"]}}],"collection":[{"href":"https:\/\/ceas.org.pe\/index.php\/wp-json\/wp\/v2\/posts"}],"about":[{"href":"https:\/\/ceas.org.pe\/index.php\/wp-json\/wp\/v2\/types\/post"}],"author":[{"embeddable":true,"href":"https:\/\/ceas.org.pe\/index.php\/wp-json\/wp\/v2\/users\/1"}],"replies":[{"embeddable":true,"href":"https:\/\/ceas.org.pe\/index.php\/wp-json\/wp\/v2\/comments?post=2642"}],"version-history":[{"count":1,"href":"https:\/\/ceas.org.pe\/index.php\/wp-json\/wp\/v2\/posts\/2642\/revisions"}],"predecessor-version":[{"id":6576,"href":"https:\/\/ceas.org.pe\/index.php\/wp-json\/wp\/v2\/posts\/2642\/revisions\/6576"}],"wp:featuredmedia":[{"embeddable":true,"href":"https:\/\/ceas.org.pe\/index.php\/wp-json\/wp\/v2\/media\/7905"}],"wp:attachment":[{"href":"https:\/\/ceas.org.pe\/index.php\/wp-json\/wp\/v2\/media?parent=2642"}],"wp:term":[{"taxonomy":"category","embeddable":true,"href":"https:\/\/ceas.org.pe\/index.php\/wp-json\/wp\/v2\/categories?post=2642"},{"taxonomy":"post_tag","embeddable":true,"href":"https:\/\/ceas.org.pe\/index.php\/wp-json\/wp\/v2\/tags?post=2642"}],"curies":[{"name":"wp","href":"https:\/\/api.w.org\/{rel}","templated":true}]}}