{"id":2638,"date":"2016-01-12T12:26:34","date_gmt":"2016-01-12T12:26:34","guid":{"rendered":""},"modified":"2026-03-11T09:12:07","modified_gmt":"2026-03-11T14:12:07","slug":"detener-el-trofico-de-personas-pide-el-papa-francisco","status":"publish","type":"post","link":"https:\/\/ceas.org.pe\/index.php\/2016\/01\/12\/detener-el-trofico-de-personas-pide-el-papa-francisco\/","title":{"rendered":"Detener el tr\u00f3fico de personas pide el Papa Francisco"},"content":{"rendered":"<p>Ciudad del Vaticano (EVARED).- En el marco del tradicional saludo a los miembros del Cuerpo Diplom\u00e1tico acreditado ante la Santa Sede, el papa Francisco se refiri\u00f3 a la \u00abgrave emergencia migratoria\u00bb e hizo un llamado \u00aba detener las tragedias y construir la paz\u00bb. \u00abSomos conscientes de que, con relaci\u00f3n al tema de la emigraci\u00f3n, se necesitan establecer planes a medio y largo plazo que no se queden en la simple respuesta a una emergencia. Deben servir, por una parte, para ayudar realmente a la integraci\u00f3n de los emigrantes en los pa\u00edses de acogida y, al mismo tiempo, favorecer el desarrollo de los pa\u00edses de proveniencia, con pol\u00edticas solidarias, que no sometan las ayudas a estrategias y pr\u00e1cticas ideol\u00f3gicas ajenas o contrarias a las culturas de los pueblos a las que van dirigidas\u00bb, dijo.<\/p>\n<p>En un extenso mensaje en la Audiencia anual con los Embajadores, este lunes 11 de enero de 2016, Francisco record\u00f3 tambi\u00e9n varios \u00abacuerdos internacionales firmados o ratificados durante el a\u00f1o que acaba de terminar\u00bb, as\u00ed como sus viajes apost\u00f3licos por varios pa\u00edses del mundo.<\/p>\n<div>\u00abUn esp\u00edritu individualista es terreno f\u00e9rtil para que madure el sentido de indiferencia hacia el pr\u00f3jimo, que lleva a tratarlo como puro objeto de compraventa, que induce a desinteresarse de la humanidad de los dem\u00e1s y termina por hacer que las personas sean pusil\u00e1nimes y c\u00ednicas. \u00bfAcaso no son estas las actitudes que frecuentemente asumimos frente a los pobres, los marginados o los \u00faltimos de la sociedad?\u00bb, dijo el Papa a los miembros del Cuerpo Diplom\u00e1tico acreditado ante la Santa Sede, y enfatiz\u00f3: \u00bb \u00a1Y cu\u00e1ntos \u00faltimos hay en nuestras sociedades! Entre estos, pienso sobre todo en los emigrantes, con la carga de dificultades y sufrimientos que deben soportar cada d\u00eda en la b\u00fasqueda, a veces desesperada, de un lugar donde poder vivir en paz y con dignidad\u00bb.<\/div>\n<div>\u00a0<\/div>\n<div>Fuente: Radio Vaticana<\/div>\n<div>\u00a0<\/div>\n<div>\u00a0<\/div>\n<p><a href=\"http:\/\/web.hilo.org.pe\/wp-content\/uploads\/Detenertrafico depersonas.jpg\" target=\"_blank\" rel=\"noopener\">Ver archivo adjunto<\/a><\/p>\n","protected":false},"excerpt":{"rendered":"<p>Ciudad del Vaticano (EVARED).- En el marco del tradicional saludo a los miembros del Cuerpo Diplom?tico acreditado ante la Santa Sede, el papa Francisco se refiri? a la \u00abgrave emergencia migratoria\u00bb e hizo un llamado \u00aba detener las tragedias y construir la paz\u00bb.<\/p>\n","protected":false},"author":1,"featured_media":7855,"comment_status":"closed","ping_status":"closed","sticky":false,"template":"","format":"standard","meta":{"footnotes":""},"categories":[9],"tags":[],"class_list":["post-2638","post","type-post","status-publish","format-standard","has-post-thumbnail","hentry","category-noticias"],"_links":{"self":[{"href":"https:\/\/ceas.org.pe\/index.php\/wp-json\/wp\/v2\/posts\/2638","targetHints":{"allow":["GET"]}}],"collection":[{"href":"https:\/\/ceas.org.pe\/index.php\/wp-json\/wp\/v2\/posts"}],"about":[{"href":"https:\/\/ceas.org.pe\/index.php\/wp-json\/wp\/v2\/types\/post"}],"author":[{"embeddable":true,"href":"https:\/\/ceas.org.pe\/index.php\/wp-json\/wp\/v2\/users\/1"}],"replies":[{"embeddable":true,"href":"https:\/\/ceas.org.pe\/index.php\/wp-json\/wp\/v2\/comments?post=2638"}],"version-history":[{"count":1,"href":"https:\/\/ceas.org.pe\/index.php\/wp-json\/wp\/v2\/posts\/2638\/revisions"}],"predecessor-version":[{"id":6580,"href":"https:\/\/ceas.org.pe\/index.php\/wp-json\/wp\/v2\/posts\/2638\/revisions\/6580"}],"wp:featuredmedia":[{"embeddable":true,"href":"https:\/\/ceas.org.pe\/index.php\/wp-json\/wp\/v2\/media\/7855"}],"wp:attachment":[{"href":"https:\/\/ceas.org.pe\/index.php\/wp-json\/wp\/v2\/media?parent=2638"}],"wp:term":[{"taxonomy":"category","embeddable":true,"href":"https:\/\/ceas.org.pe\/index.php\/wp-json\/wp\/v2\/categories?post=2638"},{"taxonomy":"post_tag","embeddable":true,"href":"https:\/\/ceas.org.pe\/index.php\/wp-json\/wp\/v2\/tags?post=2638"}],"curies":[{"name":"wp","href":"https:\/\/api.w.org\/{rel}","templated":true}]}}