{"id":2635,"date":"2016-01-08T17:38:24","date_gmt":"2016-01-08T17:38:24","guid":{"rendered":""},"modified":"2026-03-11T09:12:07","modified_gmt":"2026-03-11T14:12:07","slug":"intenciones-de-oracion-del-papa-de-enero-de-2016","status":"publish","type":"post","link":"https:\/\/ceas.org.pe\/index.php\/2016\/01\/08\/intenciones-de-oracion-del-papa-de-enero-de-2016\/","title":{"rendered":"Intenciones de oraci\u00f3n del Papa de enero de 2016"},"content":{"rendered":"<p>El director de la Red Mundial de Oraci\u00f3n del Papa, el padre jesuita Frederic Fornos explica las intenciones de oraci\u00f3n del Papa para enero de 2016.<\/p>\n<div>\u00a0<\/div>\n<div>La intenci\u00f3n universal se centra en el di\u00e1logo interreligioso \u201cque el di\u00e1logo sincero entre hombres y mujeres de diversas religiones, conlleve frutos de paz y justicia\u201d y la intenci\u00f3n para la evangelizaci\u00f3n resalta la unidad de los cristianos \u201cpara que mediante el di\u00e1logo y la caridad fraterna, con la gracia del Esp\u00edritu Santo, se superen las divisiones entre los cristianos\u201d.<\/div>\n<div>\u00a0<\/div>\n<div>\u201cDos veces se nos habla del di\u00e1logo. La importancia del di\u00e1logo, primero en la intenci\u00f3n universal sobre el di\u00e1logo interreligioso recordemos que en este a\u00f1o que acabamos de terminar, 2015, hemos celebrado el aniversario de la publicaci\u00f3n de dos documentos importantes del Concilio Vaticano II y particularmente de la declaraci\u00f3n Nostra Aetate donde la Iglesia ha sido llamada a abrirse al di\u00e1logo con las expresiones religiosas no cristianas\u201d.<\/div>\n<div>\u00a0<\/div>\n<div>\u201cEn un mundo donde todo empuja hacia la fragmentaci\u00f3n, la oposici\u00f3n y la divisi\u00f3n, es m\u00e1s que nunca necesario que las religiones y las personas deseosas de paz, fraternidad y solidaridad en el mundo se movilicen juntas en proyectos comunes por los grandes desaf\u00edos de este mundo\u201d.<\/div>\n<div>\u00a0<\/div>\n<div>\u201cLa invitaci\u00f3n de este mes es justamente estar en una actitud de apertura, de acogida, de benevolencia hacia los dem\u00e1s y particularmente con los que tienen otras creencias\u2026 verles no como rivales, enemigos, sino como hermanos y hermanas. Quien est\u00e1 seguro de sus convicciones no tiene necesidad de imponerse, sabe que la verdad tiene su propia fuerza de irradiaci\u00f3n\u2026 en el fondo todos somos peregrinos en esta tierra y aspiramos a la verdad\u201d.<\/div>\n<div>\u00a0<\/div>\n<div>\u201cLa segunda intenci\u00f3n para la evangelizaci\u00f3n es la unidad de los cristianos\u2026 la unidad entre cristianos tambi\u00e9n es m\u00e1s que nunca necesaria para dar testimonio al evangelio de Jes\u00fas\u2026 pide un camino de humildad, de acogida, de di\u00e1logo, de mucha benevolencia con nuestros hermanos y hermanas que creen en Jes\u00fas. Y es necesario por dos cosas, primero porque era el deseo de Jes\u00fas mismo, les dijo \u201cque todos sean uno\u2026 para que el mundo crea que t\u00fa me enviaste\u201d y el segundo es que nuestro testimonio depende de esta unidad\u201d.<\/div>\n<div>\u00a0<\/div>\n<div>\u201cComo dec\u00eda Francisco: que seamos puentes de di\u00e1logo con los dem\u00e1s, no muros de rencor\u201d.<\/div>\n<div>\u00a0<\/div>\n<div>Fuente: ideasclaras.org<\/div>\n<p><a href=\"http:\/\/web.hilo.org.pe\/wp-content\/uploads\/Intencionesenero2016.jpg\" target=\"_blank\" rel=\"noopener\">Ver archivo adjunto<\/a><\/p>\n","protected":false},"excerpt":{"rendered":"<p>\u00a0El director de la Red Mundial de Oraci\u00f3n del Papa, el padre jesuita Frederic Fornos explica las intenciones de oraci\u00f3n del Papa para enero de 2016.<\/p>\n","protected":false},"author":1,"featured_media":7881,"comment_status":"closed","ping_status":"closed","sticky":false,"template":"","format":"standard","meta":{"footnotes":""},"categories":[9],"tags":[],"class_list":["post-2635","post","type-post","status-publish","format-standard","has-post-thumbnail","hentry","category-noticias"],"_links":{"self":[{"href":"https:\/\/ceas.org.pe\/index.php\/wp-json\/wp\/v2\/posts\/2635","targetHints":{"allow":["GET"]}}],"collection":[{"href":"https:\/\/ceas.org.pe\/index.php\/wp-json\/wp\/v2\/posts"}],"about":[{"href":"https:\/\/ceas.org.pe\/index.php\/wp-json\/wp\/v2\/types\/post"}],"author":[{"embeddable":true,"href":"https:\/\/ceas.org.pe\/index.php\/wp-json\/wp\/v2\/users\/1"}],"replies":[{"embeddable":true,"href":"https:\/\/ceas.org.pe\/index.php\/wp-json\/wp\/v2\/comments?post=2635"}],"version-history":[{"count":1,"href":"https:\/\/ceas.org.pe\/index.php\/wp-json\/wp\/v2\/posts\/2635\/revisions"}],"predecessor-version":[{"id":6583,"href":"https:\/\/ceas.org.pe\/index.php\/wp-json\/wp\/v2\/posts\/2635\/revisions\/6583"}],"wp:featuredmedia":[{"embeddable":true,"href":"https:\/\/ceas.org.pe\/index.php\/wp-json\/wp\/v2\/media\/7881"}],"wp:attachment":[{"href":"https:\/\/ceas.org.pe\/index.php\/wp-json\/wp\/v2\/media?parent=2635"}],"wp:term":[{"taxonomy":"category","embeddable":true,"href":"https:\/\/ceas.org.pe\/index.php\/wp-json\/wp\/v2\/categories?post=2635"},{"taxonomy":"post_tag","embeddable":true,"href":"https:\/\/ceas.org.pe\/index.php\/wp-json\/wp\/v2\/tags?post=2635"}],"curies":[{"name":"wp","href":"https:\/\/api.w.org\/{rel}","templated":true}]}}