{"id":2633,"date":"2016-01-06T18:41:06","date_gmt":"2016-01-06T18:41:06","guid":{"rendered":""},"modified":"2026-03-11T09:12:07","modified_gmt":"2026-03-11T14:12:07","slug":"francisco-los-magos-nos-enseoan-a-no-contentarnos-con-la-mediocridad","status":"publish","type":"post","link":"https:\/\/ceas.org.pe\/index.php\/2016\/01\/06\/francisco-los-magos-nos-enseoan-a-no-contentarnos-con-la-mediocridad\/","title":{"rendered":"Francisco: \u00abLos Magos nos ense\u00f3an a no contentarnos con la mediocridad\u00bb"},"content":{"rendered":"<p>(RV).- Tras la celebraci\u00f3n de la Santa Misa en la Bas\u00edlica de San Pedro, en la Solemnidad de la Epifan\u00eda del Se\u00f1or, el Papa Francisco rez\u00f3 a mediod\u00eda la oraci\u00f3n mariana del \u00c1ngelus con los fieles y peregrinos, entre los cuales muchos ni\u00f1os, que se dieron cita en la Plaza de San Pedro.<\/p>\n<div>\u00a0<\/div>\n<div>Partiendo del Evangelio del d\u00eda, con su relato de los Magos que desde Oriente se ponen en camino hacia Bel\u00e9n para adorar al Mes\u00edas, el Obispo de Roma explic\u00f3 que la fiesta de la Epifan\u00eda tiene un alcance de universalidad, que es el alcance de la Iglesia, que desea que todos los pueblos de la tierra encuentren a Jes\u00fas y experimenten su amor misericordioso.<\/div>\n<div>\u00a0<\/div>\n<div>Y a\u00f1adi\u00f3 que desde siempre la Iglesia ha visto en los Magos la imagen de la entera humanidad, a la vez que con la celebraci\u00f3n de la Epifan\u00eda desea guiar a todo hombre y a toda mujer de este mundo hacia el Ni\u00f1o que ha nacido por la salvaci\u00f3n de todos.<\/div>\n<div>\u00a0<\/div>\n<div>Francisco tambi\u00e9n record\u00f3 que en la noche de Navidad Jes\u00fas se manifest\u00f3 a los pastores, los primeros que le llevaron un poco de calor en aquella fr\u00eda gruta. Despu\u00e9s llegaron los Magos de tierras lejanas, tambi\u00e9n ellos atra\u00eddos misteriosamente por aquel Ni\u00f1o, y agreg\u00f3 que si bien los pastores y los Magos son muy diversos entre s\u00ed, est\u00e1n unidos por el cielo, puesto que todos ellos levantando los ojos al cielo, vieron un signo, escucharon su mensaje y lo siguieron.<\/div>\n<div>\u00a0<\/div>\n<div>Por eso el Santo Padre afirm\u00f3 que los pastores y los Magos nos ense\u00f1an que para encontrar a Jes\u00fas es necesario saber levantar la mirada hacia el cielo, y no estar replegados sobre s\u00ed mismos, sino tener el coraz\u00f3n y la mente abiertos al horizonte de Dios.<\/div>\n<div>\u00a0<\/div>\n<div>El Pont\u00edfice concluy\u00f3 su meditaci\u00f3n pidiendo a la Virgen Mar\u00eda que nos ayude a levantar la mirada y dejarnos guiar por la estrella del Evangelio para encontrar a Jes\u00fas y para adorarlo, de modo que podamos llevar a los dem\u00e1s un rayo de su luz, compartiendo con ellos la alegr\u00eda del camino.<\/div>\n<div>\u00a0<\/div>\n<div>(Mar\u00eda Fernanda Bernasconi &#8211; RV).\u00a0<\/div>\n<div>\u00a0<\/div>\n<div>Texto de audio de la alocuci\u00f3n del Santo Padre Francisco antes de rezar a la Madre de Dios en la Solemnidad de la Epifan\u00eda del Se\u00f1or:<\/div>\n<div>\u00a0<\/div>\n<div>\u00a0<\/div>\n<div>Queridos hermanos y hermanas \u00a1buenos d\u00edas!<\/div>\n<div>\u00a0<\/div>\n<div>En el Evangelio de hoy, el relato de los Magos, llegados desde Oriente a Bel\u00e9n para adorar al Mes\u00edas, confiere a la fiesta de la Epifan\u00eda un alcance de universalidad. Y \u00e9ste es el alcance de la Iglesia, que desea que todos los pueblos de la tierra puedan encontrar a Jes\u00fas, y experimentar su amor misericordioso. Es \u00e9ste el deseo de la Iglesia: encontrar la misericordia de Jes\u00fas, su amor.<\/div>\n<div>\u00a0<\/div>\n<div>Cristo acaba de nacer, a\u00fan no sabe hablar y todas las gentes \u00a0\u2013 representadas por los Magos \u00a0\u2013 ya pueden encontrarlo, reconocerlo, adorarlo. Dicen los Magos: \u201cVimos su estrella en Oriente y hemos venido a adorarlo\u201d (Mt 2,2). Y Herodes oy\u00f3 esto apenas los Magos llegaron a Jerusal\u00e9n. Estos Magos eran hombres prestigiosos, de regiones lejanas y culturas diversas, y se hab\u00edan encaminado hacia la tierra de Israel para adorar al rey que hab\u00eda nacido.<\/div>\n<div>\u00a0<\/div>\n<div>Desde siempre la Iglesia ha visto en ellos la imagen de la entera humanidad, y con la celebraci\u00f3n de hoy, de la fiesta de la Epifan\u00eda casi quiere guiar respetuosamente a todo hombre y a toda mujer de este mundo hacia el Ni\u00f1o que ha nacido por la salvaci\u00f3n de todos.<\/div>\n<div>\u00a0<\/div>\n<div>En la noche de Navidad Jes\u00fas se ha manifestado a los pastores, hombres humildes y despreciados, algunos bandidos, dicen; fueron ellos los primeros que llevaron un poco de calor en aquella fr\u00eda gruta de Bel\u00e9n. Ahora llegan los Magos de tierras lejanas, tambi\u00e9n ellos atra\u00eddos misteriosamente por aquel Ni\u00f1o. Los pastores y los Magos son muy diversos entre s\u00ed; pero una cosa los une: el cielo.<\/div>\n<div>\u00a0<\/div>\n<div>Los pastores de Bel\u00e9n se precipitaron inmediatamente a ver a Jes\u00fas, no porque fueran especialmente buenos, sino porque velaban de noche y, levantando los ojos al cielo, vieron un signo, escucharon su mensaje y lo siguieron. De la misma manera los Magos: escrutaban los cielos, vieron una nueva estrella, interpretaron el signo y se pusieron en camino, desde lejos.<\/div>\n<div>\u00a0<\/div>\n<div>Los pastores y los Magos nos ense\u00f1an que para encontrar a Jes\u00fas es necesario saber levantar la mirada hacia el cielo, no estar replegados sobre s\u00ed mismos, en el propio ego\u00edsmo, sino tener el coraz\u00f3n y la mente abiertos al horizonte de Dios, que siempre nos sorprende, saber acoger sus mensajes y responder con prontitud y generosidad.<\/div>\n<div>\u00a0<\/div>\n<div>Los Magos, dice el Evangelio, al ver \u201cla estrella se llenaron de alegr\u00eda\u201d (Mt 2,10). Tambi\u00e9n para nosotros hay una gran consolaci\u00f3n al ver la estrella, o sea en el sentirnos guiados y no abandonados a nuestro destino. Y la estrella es el Evangelio, la Palabra del Se\u00f1or, como dice el Salmo: \u201cTu palabra es una l\u00e1mpara para mis pasos, y una luz en mi camino\u201d (119,105). Esta luz nos gu\u00eda hacia Cristo. \u00a1Sin la escucha del Evangelio, no es posible encontrarlo!<\/div>\n<div>\u00a0<\/div>\n<div>En efecto, los Magos, siguiendo la estrella llegaron al lugar donde se encontraba Jes\u00fas. Y all\u00ed \u201cencontraron al ni\u00f1o con Mar\u00eda, su madre, y postr\u00e1ndose, le rindieron homenaje\u201d (Mt 2,11). La experiencia de los Magos nos exhorta a no contentarnos con la mediocridad, a no \u201cvivir al d\u00eda\u201d, sino a buscar el sentido de las cosas, a escrutar con pasi\u00f3n el gran misterio de la vida. Y nos ense\u00f1a a no escandalizarnos de la peque\u00f1ez y de la pobreza, sino a reconocer la majestad en la humildad, y saber arrodillarnos frente a ella.<\/div>\n<div>\u00a0<\/div>\n<div>Que la Virgen Mar\u00eda, que acogi\u00f3 a los Magos en Bel\u00e9n, nos ayude a levantar la mirada de nosotros mismos, a dejarnos guiar por la estrella del Evangelio para encontrar a Jes\u00fas, y a saber abajarnos para adorarlo. As\u00ed podremos llevar a los dem\u00e1s un rayo de su luz, y compartir con ellos la alegr\u00eda del camino.<\/div>\n<div>\u00a0<\/div>\n<div>Fuente: radiovaticana<\/div>\n<p><a href=\"http:\/\/web.hilo.org.pe\/wp-content\/uploads\/angelus.jpg\" target=\"_blank\" rel=\"noopener\">Ver archivo adjunto<\/a><\/p>\n","protected":false},"excerpt":{"rendered":"<p>(RV).- Tras la celebraci?n de la Santa Misa en la Bas?lica de San Pedro, en la Solemnidad de la Epifan?a del Se?or, el Papa Francisco rez? a mediod?a la oraci?n mariana del ?ngelus con los fieles y peregrinos, entre los cuales muchos ni?os, que se dieron cita en la Plaza de San Pedro.<\/p>\n","protected":false},"author":1,"featured_media":7855,"comment_status":"closed","ping_status":"closed","sticky":false,"template":"","format":"standard","meta":{"footnotes":""},"categories":[9],"tags":[],"class_list":["post-2633","post","type-post","status-publish","format-standard","has-post-thumbnail","hentry","category-noticias"],"_links":{"self":[{"href":"https:\/\/ceas.org.pe\/index.php\/wp-json\/wp\/v2\/posts\/2633","targetHints":{"allow":["GET"]}}],"collection":[{"href":"https:\/\/ceas.org.pe\/index.php\/wp-json\/wp\/v2\/posts"}],"about":[{"href":"https:\/\/ceas.org.pe\/index.php\/wp-json\/wp\/v2\/types\/post"}],"author":[{"embeddable":true,"href":"https:\/\/ceas.org.pe\/index.php\/wp-json\/wp\/v2\/users\/1"}],"replies":[{"embeddable":true,"href":"https:\/\/ceas.org.pe\/index.php\/wp-json\/wp\/v2\/comments?post=2633"}],"version-history":[{"count":1,"href":"https:\/\/ceas.org.pe\/index.php\/wp-json\/wp\/v2\/posts\/2633\/revisions"}],"predecessor-version":[{"id":6585,"href":"https:\/\/ceas.org.pe\/index.php\/wp-json\/wp\/v2\/posts\/2633\/revisions\/6585"}],"wp:featuredmedia":[{"embeddable":true,"href":"https:\/\/ceas.org.pe\/index.php\/wp-json\/wp\/v2\/media\/7855"}],"wp:attachment":[{"href":"https:\/\/ceas.org.pe\/index.php\/wp-json\/wp\/v2\/media?parent=2633"}],"wp:term":[{"taxonomy":"category","embeddable":true,"href":"https:\/\/ceas.org.pe\/index.php\/wp-json\/wp\/v2\/categories?post=2633"},{"taxonomy":"post_tag","embeddable":true,"href":"https:\/\/ceas.org.pe\/index.php\/wp-json\/wp\/v2\/tags?post=2633"}],"curies":[{"name":"wp","href":"https:\/\/api.w.org\/{rel}","templated":true}]}}