{"id":2625,"date":"2015-12-18T09:37:14","date_gmt":"2015-12-18T09:37:14","guid":{"rendered":""},"modified":"2026-03-11T09:12:07","modified_gmt":"2026-03-11T14:12:07","slug":"organizaciones-catolicas-denuncian-que-extrema-pobreza-viola-los-derechos-humanos","status":"publish","type":"post","link":"https:\/\/ceas.org.pe\/index.php\/2015\/12\/18\/organizaciones-catolicas-denuncian-que-extrema-pobreza-viola-los-derechos-humanos\/","title":{"rendered":"Organizaciones cat\u00f3licas denuncian que extrema pobreza viola los derechos humanos"},"content":{"rendered":"<p>La extrema pobreza viola los derechos humanos, esta es la idea central del manual presentado este jueves en la sala de prensa de la Santa Sede, con el t\u00edtulo \u201cMaking Human Rights Work for People Living in Extreme Poverty: a Handbook for Implementing the UN Guiding Principles on Extreme Poverty and Human Rights\u201d (Haciendo que \u00a0los Derechos Humanos funcionen para las personas que viven en la Pobreza Extrema: un Manual para la Aplicaci\u00f3n de los Principios Rectores de la ONU sobre la Pobreza Extrema y los Derechos Humanos).<\/p>\n<div>\u00a0<\/div>\n<div>Realizado por Franciscanos Internacional, con motivo del Jubileo de la Misericordia, el manual est\u00e1 destinado a defender los derechos humanos de las poblaciones que viven en extrema pobreza, y explica en un lenguaje accesible las l\u00edneas gu\u00edas de las Naciones Unidas sobre el tema.<\/div>\n<div>\u00a0<\/div>\n<div>El manual est\u00e1 escrito en ingl\u00e9s y franc\u00e9s, y en breve en espa\u00f1ol y portugu\u00e9s, y se puede descargar del sitio web de ATD y Franciscan International, donde habr\u00e1 tambi\u00e9n una versi\u00f3n en blanco y negro, m\u00e1s f\u00e1cil de imprimir.<\/div>\n<div>\u00a0<\/div>\n<div>Un documento muy importante el de la ONU porque reconoce que vivir en pobreza extrema es una violaci\u00f3n de los derechos humanos, o sea no solamente una tema econ\u00f3mico sino un fen\u00f3meno que involucra a la persona y le impide vivir de manera digna. La finalidad del manual es ayudar tambi\u00e9n a que se cumpla el objetivo de eliminar la pobreza en 2030.<\/div>\n<div>\u00a0<\/div>\n<div>La eliminaci\u00f3n de la pobreza extrema no es solamente un derecho moral, sino tambi\u00e9n jur\u00eddico, de acuerdo a la legislaci\u00f3n vigente de derechos humanos.<\/div>\n<div>\u00a0<\/div>\n<div>Uno de los puntos fundamentales de la declaraci\u00f3n ONU, y que est\u00e1 explicada por el manual, es que la pobreza extrema no es una situaci\u00f3n inevitable, perpetuada por acciones u omisiones de los estados, y que hay medios para erradicarla. Adem\u00e1s la idea de potenciar a las personas para que se vuelvan agentes de cambio. Ellas tienen que participar de las pol\u00edticas que les afectan.<\/div>\n<div>\u00a0<\/div>\n<div>Se muestran all\u00ed la interdependencia de estos derechos que son interdependientes y otra parte sobre las acciones de monitoreo que se pueden realizar. Si bien no hay una l\u00ednea clara de demarcaci\u00f3n entre la pobreza extrema y la pobreza, la extrema crea un c\u00edrculo vicioso de exclusi\u00f3n y discriminaci\u00f3n. O sea que la diferencia es entre una pobreza con futuro y una pobreza sin futuro.<\/div>\n<div>\u00a0<\/div>\n<div>Intervinieron el obispo brasile\u00f1o de \u00d3bidos, Bernardo Johannes Bahlmann, O.F.M, el secretario general de Caritas Internationalis, Michel Roy; el ministro generale de la Orden Fransicana de los Frailes Menores, el padre A. Perry; el advocacy director de Franciscans International, Francesca Restifo; y el delegado de ATD Fourth World, Jean Tonglet.<\/div>\n<div>\u00a0<\/div>\n<div>El dirigente de C\u00e1ritas, Michel Roy, indic\u00f3 que con este manual se ha querido \u201cdar una se\u00f1al fuerte\u201d en el A\u00f1o de la Misericordia. Porque la Misericordia no tiene que ser considerada como una acci\u00f3n d\u00e9bil opuesta a los derechos, porque ambas est\u00e1n relacionadas. Los derechos sin amor se vuelven secos, no contribuyen a construir una humanidad en toda su dimensi\u00f3n\u201d. Precis\u00f3 que \u201camor y misericordia se inspiran en la justicia, incitando, motivando la justicia\u201d.<\/div>\n<div>\u00a0<\/div>\n<div>La se\u00f1ora Francesca Restifo, de Franciscans International, indic\u00f3 que el objetivo del manual es el de \u201cayudar a los operadores locales para que comprendan mejor las consecuencias en t\u00e9rminos de derechos humanos para las personas que viven en condici\u00f3n de extrema pobreza y proponer una serie de acciones concretas para reivindicar los propios derechos volvi\u00e9ndose agentes del propio cambio\u201d.<\/div>\n<div>\u00a0<\/div>\n<div>Jean Tonglet, de la Ong ATD, record\u00f3 que esta iniciativa viene desde lejos, y gracias a la resoluci\u00f3n de las Naciones Unidas en 1986, sobre pobreza y derechos humanos, cuya propuesta no pudo ser presentada por el fundador de ATD Joseph Wresinski y que fue retomada ante la ONU por el embajador argentino Leandro Despouy, y que Francia y Chile insistieron para que saliera en el a\u00f1o 1996. Record\u00f3 tambi\u00e9n que el cardenal Bergoglio ya hab\u00eda levantado el tema.<\/div>\n<div>\u00a0<\/div>\n<div>El ministro general de los Franciscanos por su parte, tras recordar la dignidad que merece la persona humana, record\u00f3 lo indicado por el documento ONU: \u201cTodas las politicas relacionadas con la pobreza tienen que tener en vista conferir capacidades a las personas que bien en tales condiciones, se deben basar en el reconocimiento del derecho de estas personas y para que puedan tomar sus decisiones y respetar la posibilidad de realizar el propio sentido de la dignidad, y su derecho a participar en las decisiones que afectan a toda su vida\u201d.<\/div>\n<div>\u00a0<\/div>\n<div>Los valores de estos principios gu\u00eda, bien explicados en este manual, \u201cest\u00e1n claramente expuestos &#8211;dijo&#8211; en los objetivos de desarrollo social que la familia franciscana afirma en\u00e9rgicamente y activamente a nivel local, nacional e internacional\u201d.<\/div>\n<div>\u00a0<\/div>\n<div>El obispo Bernardo Bahlmann profundiz\u00f3 sobre el tema de la deforestaci\u00f3n del Amazonas, donde est\u00e1 su di\u00f3cesis a orillas del r\u00edo del mismo nombre, problem\u00e1tica que afecta no solamente a las poblaciones locales sino a toda la humanidad. Y sobre la necesidad de hacer un movimiento verde para reforestar la regi\u00f3n. \u00a0<\/div>\n<div>\u00a0<\/div>\n<div>Fuente: zenit.org<\/div>\n<p><a href=\"http:\/\/web.hilo.org.pe\/wp-content\/uploads\/Organizaciones.jpg\" target=\"_blank\" rel=\"noopener\">Ver archivo adjunto<\/a><\/p>\n","protected":false},"excerpt":{"rendered":"<p>La extrema pobreza viola los derechos humanos, esta es la idea central del manual presentado este jueves en la sala de prensa de la Santa Sede, con el t?tulo ?Making Human Rights Work for People Living in Extreme Poverty: a Handbook for Implementing the UN Guiding Principles on Extreme Poverty and Human Rights? (Haciendo que  los Derechos Humanos funcionen para las personas que viven en la Pobreza Extrema: un Manual para la Aplicaci?n de los Principios Rectores de la ONU sobre la Pobreza Extrema y los Derechos Humanos).<\/p>\n","protected":false},"author":1,"featured_media":7904,"comment_status":"closed","ping_status":"closed","sticky":false,"template":"","format":"standard","meta":{"footnotes":""},"categories":[9],"tags":[],"class_list":["post-2625","post","type-post","status-publish","format-standard","has-post-thumbnail","hentry","category-noticias"],"_links":{"self":[{"href":"https:\/\/ceas.org.pe\/index.php\/wp-json\/wp\/v2\/posts\/2625","targetHints":{"allow":["GET"]}}],"collection":[{"href":"https:\/\/ceas.org.pe\/index.php\/wp-json\/wp\/v2\/posts"}],"about":[{"href":"https:\/\/ceas.org.pe\/index.php\/wp-json\/wp\/v2\/types\/post"}],"author":[{"embeddable":true,"href":"https:\/\/ceas.org.pe\/index.php\/wp-json\/wp\/v2\/users\/1"}],"replies":[{"embeddable":true,"href":"https:\/\/ceas.org.pe\/index.php\/wp-json\/wp\/v2\/comments?post=2625"}],"version-history":[{"count":1,"href":"https:\/\/ceas.org.pe\/index.php\/wp-json\/wp\/v2\/posts\/2625\/revisions"}],"predecessor-version":[{"id":6593,"href":"https:\/\/ceas.org.pe\/index.php\/wp-json\/wp\/v2\/posts\/2625\/revisions\/6593"}],"wp:featuredmedia":[{"embeddable":true,"href":"https:\/\/ceas.org.pe\/index.php\/wp-json\/wp\/v2\/media\/7904"}],"wp:attachment":[{"href":"https:\/\/ceas.org.pe\/index.php\/wp-json\/wp\/v2\/media?parent=2625"}],"wp:term":[{"taxonomy":"category","embeddable":true,"href":"https:\/\/ceas.org.pe\/index.php\/wp-json\/wp\/v2\/categories?post=2625"},{"taxonomy":"post_tag","embeddable":true,"href":"https:\/\/ceas.org.pe\/index.php\/wp-json\/wp\/v2\/tags?post=2625"}],"curies":[{"name":"wp","href":"https:\/\/api.w.org\/{rel}","templated":true}]}}