{"id":2619,"date":"2015-12-14T16:38:31","date_gmt":"2015-12-14T16:38:31","guid":{"rendered":""},"modified":"2026-03-11T09:12:07","modified_gmt":"2026-03-11T14:12:07","slug":"es-hermoso-esperar-en-la-misericordia-de-dios-afirma-el-papa","status":"publish","type":"post","link":"https:\/\/ceas.org.pe\/index.php\/2015\/12\/14\/es-hermoso-esperar-en-la-misericordia-de-dios-afirma-el-papa\/","title":{"rendered":"\u00abEs hermoso esperar en la misericordia de Dios\u00bb, afirma el Papa"},"content":{"rendered":"<p>(RV).- La esperanza en la misericordia de Dios abre los horizontes y nos hace libres, mientras la rigidez clerical cierra los corazones y hace mucho mal. Son los conceptos que expres\u00f3 el Papa Francisco en su homil\u00eda de la Misa de la ma\u00f1ana celebrada en la Capilla de la Casa de Santa Marta.<\/p>\n<div>\u00a0<\/div>\n<div>La primera Lectura del d\u00eda, tomada del Libro de los N\u00fameros, se refiere a Balaam, un profeta contratado por un rey para maldecir a Israel. Balaam \u2013 observ\u00f3 el Papa \u2013 \u201cten\u00eda sus defectos, e incluso sus pecados, porque todos tenemos pecados, todos. Todos somos pecadores. Pero no se asusten \u2013 exhort\u00f3 el Pont\u00edfice \u2013 Dios es m\u00e1s grande que todos nuestros pecados\u201d. \u201cEn su camino, Balaam encuentra al \u00e1ngel del Se\u00f1or y cambia su coraz\u00f3n\u201d. \u201cNo cambia de partito\u201d, sino que \u201ccambia del error a la verdad, y cuenta lo que ve\u201d: el Pueblo de Dios vive en las tiendas, en medio del desierto, y \u00e9l, \u201cadem\u00e1s del desierto ve la fecundidad, la belleza, la victoria\u201d. Abri\u00f3 su coraz\u00f3n, \u201cse convirti\u00f3\u201d y \u201cvio lejos, vio la verdad\u201d, porque \u201ccon buena voluntad siempre se ve la verdad\u201d. \u201cEs una verdad que da esperanza\u201d.<\/div>\n<div>\u00a0<\/div>\n<div>\u201cLa esperanza \u2013 afirm\u00f3 el Papa \u2013 es esta virtud cristiana que nosotros tenemos como un gran don del Se\u00f1or y que nos hace ver lejos, m\u00e1s all\u00e1 de los problemas, los dolores, las dificultades, m\u00e1s all\u00e1 de nuestros pecados\u201d. Nos hace \u201cver la belleza de Dios\u201d:<\/div>\n<div>\u00a0<\/div>\n<div>\u201cCuando yo me encuentro con una persona que tiene esta virtud de la esperanza y se encuentra en un momento feo de su vida \u2013 ya sea una enfermedad, una preocupaci\u00f3n por un hijo o una hija, o por alguien de la familia, que padece algo \u2013 pero que tiene esta virtud, en medio del dolor, tiene el ojo penetrante, tiene la libertad de ver m\u00e1s all\u00e1, siempre m\u00e1s all\u00e1. Y \u00e9sta es la esperanza. Y \u00e9sta es la profec\u00eda que hoy nos ofrece la Iglesia: nos quiere mujeres y hombres de esperanza, incluso en medio de los problemas. La esperanza abre horizontes, la esperanza es libre, no es esclava, siempre encuentra un lugar para resolver una situaci\u00f3n\u201d.<\/div>\n<div>\u00a0<\/div>\n<div>En el Evangelio se habla de los jefes de los sacerdotes que preguntan a Jes\u00fas con qu\u00e9 autoridad act\u00faa: \u201cNo tienen horizontes\u201d \u2013 dijo el Papa \u2013 son \u201chombres cerrados en sus c\u00e1lculos\u201d, \u201cesclavos de las propias rigideces. Y los c\u00e1lculos humanos \u201ccierran el coraz\u00f3n, cierran la libertad\u201d, mientras \u201cla esperanza nos vuelve ligeros\u201d:<\/div>\n<div>\u00a0<\/div>\n<div>\u201cQu\u00e9 hermosa es la libertad, la magnanimidad, la esperanza de un hombre y una mujer de Iglesia. En cambio, qu\u00e9 fea y cu\u00e1nto mal hace la rigidez de una mujer y de un hombre de Iglesia, la rigidez clerical, que no tiene esperanza. En este A\u00f1o de la Misericordia, est\u00e1n estos dos caminos: quien tiene esperanza en la misericordia de Dios y sabe que Dios es Padre; Dios perdona siempre, pero todo; m\u00e1s all\u00e1 del desierto est\u00e1 el abrazo del Padre, el perd\u00f3n. Y tambi\u00e9n est\u00e1n aquellos que se refugian en su propia esclavitud, en su propia rigidez, y no saben nada de la misericordia de Dios. Estos eran doctores, hab\u00edan estudiado, pero su ciencia no los ha salvado\u201d.<\/div>\n<div>\u00a0<\/div>\n<div>El Papa concluy\u00f3 su homil\u00eda relatando un hecho que sucedi\u00f3 en 1992 en Buenos Aires, durante una Misa para los enfermos. Estaba confesando ya desde hac\u00eda muchas horas, cuando lleg\u00f3 una mujer muy anciana, de 80 a\u00f1os de edad, \u201ccon los ojos que ven m\u00e1s all\u00e1, esos ojos llenos de esperanza\u201d:<\/div>\n<div>\u00a0<\/div>\n<div>\u201cY yo le dije: \u2018Abuela, \u00bfusted viene para confesarse?\u2019. Porque yo me estaba levantando. \u2018S\u00ed\u2019. \u2018Pero, usted no tiene pecados\u2019. Y ella me dijo: \u2018Padre, todos los tenemos\u2019. \u2018Pero, \u00bfacaso el Se\u00f1or no los perdona?\u2019. \u2018\u00a1Dios perdona todo!\u2019, me dijo. Dios perdona todo. \u2018\u00bfY c\u00f3mo lo sabe?\u2019, le pregunt\u00e9. \u2018Porque si Dios no perdonara todo, el mundo no existir\u00eda\u2019. Ante estas dos personas \u2013 el libre, la esperanza, el que te trae la misericordia de Dios, y el cerrado, el legalista, precisamente el ego\u00edsta, el esclavo de las propias rigideces \u2013 recordemos esta lecci\u00f3n que esta anciana de 80 a\u00f1os de edad \u2013 era portuguesa \u2013 me dijo: Dios perdona todo, s\u00f3lo espera que t\u00fa te acerques\u201d.\u00a0<\/div>\n<div>\u00a0<\/div>\n<div>Fuente: radiovaticano<\/div>\n<p><a href=\"http:\/\/web.hilo.org.pe\/wp-content\/uploads\/Misericordia.jpg\" target=\"_blank\" rel=\"noopener\">Ver archivo adjunto<\/a><\/p>\n","protected":false},"excerpt":{"rendered":"<p>(RV).- La esperanza en la misericordia de Dios abre los horizontes y nos hace libres, mientras la rigidez clerical cierra los corazones y hace mucho mal. Son los conceptos que expres? el Papa Francisco en su homil?a de la Misa de la ma?ana celebrada en la Capilla de la Casa de Santa Marta.<\/p>\n","protected":false},"author":1,"featured_media":7874,"comment_status":"closed","ping_status":"closed","sticky":false,"template":"","format":"standard","meta":{"footnotes":""},"categories":[9],"tags":[],"class_list":["post-2619","post","type-post","status-publish","format-standard","has-post-thumbnail","hentry","category-noticias"],"_links":{"self":[{"href":"https:\/\/ceas.org.pe\/index.php\/wp-json\/wp\/v2\/posts\/2619","targetHints":{"allow":["GET"]}}],"collection":[{"href":"https:\/\/ceas.org.pe\/index.php\/wp-json\/wp\/v2\/posts"}],"about":[{"href":"https:\/\/ceas.org.pe\/index.php\/wp-json\/wp\/v2\/types\/post"}],"author":[{"embeddable":true,"href":"https:\/\/ceas.org.pe\/index.php\/wp-json\/wp\/v2\/users\/1"}],"replies":[{"embeddable":true,"href":"https:\/\/ceas.org.pe\/index.php\/wp-json\/wp\/v2\/comments?post=2619"}],"version-history":[{"count":1,"href":"https:\/\/ceas.org.pe\/index.php\/wp-json\/wp\/v2\/posts\/2619\/revisions"}],"predecessor-version":[{"id":6599,"href":"https:\/\/ceas.org.pe\/index.php\/wp-json\/wp\/v2\/posts\/2619\/revisions\/6599"}],"wp:featuredmedia":[{"embeddable":true,"href":"https:\/\/ceas.org.pe\/index.php\/wp-json\/wp\/v2\/media\/7874"}],"wp:attachment":[{"href":"https:\/\/ceas.org.pe\/index.php\/wp-json\/wp\/v2\/media?parent=2619"}],"wp:term":[{"taxonomy":"category","embeddable":true,"href":"https:\/\/ceas.org.pe\/index.php\/wp-json\/wp\/v2\/categories?post=2619"},{"taxonomy":"post_tag","embeddable":true,"href":"https:\/\/ceas.org.pe\/index.php\/wp-json\/wp\/v2\/tags?post=2619"}],"curies":[{"name":"wp","href":"https:\/\/api.w.org\/{rel}","templated":true}]}}