{"id":2617,"date":"2015-12-14T16:33:48","date_gmt":"2015-12-14T16:33:48","guid":{"rendered":""},"modified":"2026-03-11T09:12:08","modified_gmt":"2026-03-11T14:12:08","slug":"finalizo-campaoa-una-sola-familia-humana-alimentos-para-todos","status":"publish","type":"post","link":"https:\/\/ceas.org.pe\/index.php\/2015\/12\/14\/finalizo-campaoa-una-sola-familia-humana-alimentos-para-todos\/","title":{"rendered":"Finaliz\u00f3 campa\u00f3a \u00abUna sola familia humana, alimentos para todos\u00bb"},"content":{"rendered":"<p>El Adviento nos recuerda el don de la luz de Cristo, que \u00a0nos fue concedido para ayudarnos a prosperar y vivir en el Amor de Dios. Nosotros, como C\u00e1ritas, debemos hacer que la luz de Cristo, brille con fuerza en nuestros corazones. Estamos llamados a ser portadores de la luz, para alumbrarnos entre nosotros, aportando esperanza y optimismo en nuestra Instituci\u00f3n y en nuestra sociedad.<\/p>\n<div>\u00a0<\/div>\n<div>Todav\u00eda vivimos en un mundo en el que el hambre y la carest\u00eda afectan a unos 795 millones de hermanos y hermanas en todo el mundo. El hambre en el mundo est\u00e1 claramente vinculado a causas humanas, da\u00f1os medio ambientales, cambio clim\u00e1tico, conflictos, consumo insostenible y sistemas econ\u00f3micos injustos.<\/div>\n<div>\u00a0<\/div>\n<div>La necesidad de contar con una fuente segura y fiable de alimentos es un tema reiterado en toda la Biblia. Dios se nos muestra como alguien que se preocupa profundamente por una necesidad primaria de su pueblo: alimentos para sobrevivir.<\/div>\n<div>Los Evangelios nos ense\u00f1an c\u00f3mo la alimentaci\u00f3n es algo central en el ministerio de Jes\u00fas, que comparte los alimentos para construir relaciones con los dem\u00e1s. Las im\u00e1genes relacionadas con el pan est\u00e1n en el coraz\u00f3n de la fe cristiana, en el cuerpo y el alma, como en:<\/div>\n<div>\u00a0<\/div>\n<div>\u2022 Lucas 3, 10-14: Jes\u00fas nos ense\u00f1a a compartir nuestros recursos con los necesitados.<\/div>\n<div>\u00a0<\/div>\n<div>\u201c..El que tenga dos capas, que de una al que no tiene, y el que tenga de comer, haga lo mismo\u201d<\/div>\n<div>\u2022 Lucas 4, 16-19: Jes\u00fas se refiere al jubileo, \u00aba\u00f1o de gracia del Se\u00f1or\u00bb.\u00a0<\/div>\n<div>\u00a0<\/div>\n<div>\u201c.. El Esp\u00edritu del Se\u00f1or est\u00e1 sobre m\u00ed. \u00a0\u00c9l me ha ungido para llevar buenas noticias a los pobres, para anunciar la libertad a los cautivos ya los ciegos que pronto van a ver, para poner en libertad a los oprimidos y proclamar el a\u00f1o de gracias del Se\u00f1or.\u201d<\/div>\n<div>\u2022 Lucas 12, 16-21: Jes\u00fas ense\u00f1a a la gente a no acaparar los recursos de la tierra solo para pocos.<\/div>\n<div>\u00a0<\/div>\n<div>\u00a0<\/div>\n<div>\u201c\u2026 Hab\u00eda un hombre rico, al que sus campos le hab\u00edan producido mucho. \u00a0Pensaba: \u00bfQu\u00e9 voy a hacer? No tengo d\u00f3nde guardar mis cosechas. \u00a0Y se dijo: Har\u00e9 lo siguiente: echar\u00e9 abajo mis graneros y construir\u00e9 otros m\u00e1s grandes, all\u00ed amontonar\u00e9 todo mi trigo, todas mis reservas. \u00a0Entonces yo conmigo hablar\u00e9: Alma m\u00eda, tienes aqu\u00ed muchas cosas guardadas para muchos a\u00f1os: descansa, come, bebe, p\u00e1salo bien. Pero Dios le dijo. \u201c\u00a1Pobre loco! Esta misma noche van a reclamar tu alma. \u00bfQui\u00e9n se quedar\u00e1 con lo que has preparado?<\/div>\n<div>Esto vale para toda persona que amontona para s\u00ed misma en vez de acumular para Dios.\u201d<\/div>\n<div>\u00a0<\/div>\n<div>\u2022 Mateo 6, 9-13: Jes\u00fas nos ense\u00f1a el Padrenuestro, con su preocupaci\u00f3n por las personas han de obtener su pan \u00a0cada d\u00eda ahora, as\u00ed como la promesa del pan de la vida, en el cielo.<\/div>\n<div>\u00a0<\/div>\n<div>\u201cUstedes, pues, recen as\u00ed:<\/div>\n<div>Padre nuestro,<\/div>\n<div>que est\u00e1s en el Cielo,<\/div>\n<div>Santificado sea tu Nombre,<\/div>\n<div>venga a nosotros tu Reino,<\/div>\n<div>h\u00e1gase tu voluntad<\/div>\n<div>as\u00ed en la tierra como en el Cielo.<\/div>\n<div>D\u00e1nos hoy el pan de cada d\u00eda,<\/div>\n<div>y perdona nuestras ofensas<\/div>\n<div>como tambi\u00e9n nosotros perdonamos a los que nos ofenden<\/div>\n<div>no nos dejes caer en la tentaci\u00f3n<\/div>\n<div>y l\u00edbranos del mal\u201d<\/div>\n<div>\u00a0<\/div>\n<div>\u00a0<\/div>\n<div>El viaje de Mar\u00eda y Jos\u00e9 hasta Bel\u00e9n no fue f\u00e1cil, pero juntos encontraron la fuerza para realizar el plan de Dios en sus vidas. Nuestro deseo para el cierre de la campa\u00f1a \u201cUna sola familia humana, Alimentos para todos\u201d, que hemos realizado juntos desde diciembre de 2013, es que todos podamos darnos, unos a otros, la fuerza necesaria, para desarrollar las acciones que nos permitan eliminar el hambre en nuestra sociedad.<\/div>\n<div>\u00a0<\/div>\n<div>Con motivo de la conclusi\u00f3n de la campa\u00f1a, oremos por nuestro trabajo, que quiere restaurar la dignidad y reactivar la esperanza en aquellos que sufren el hambre y la privaci\u00f3n de alimentos.<\/div>\n<div>Tener esperanza es confiar en la llegada de un nuevo mundo, donde el hambre, la pobreza, la privaci\u00f3n y la desigualdad no tengan lugar y todas las cosas se puedan restaurar.<\/div>\n<div><strong>\u00a0<\/strong><\/div>\n<div><strong>\u00bfDe qu\u00e9 manera nos ha cambiado esta campa\u00f1a?<\/strong><\/div>\n<div>\u00a0<\/div>\n<div><strong>Sabiendo:<\/strong><\/div>\n<div>que el hambre en el mundo es causado por acciones humanas;<\/div>\n<div>que el hambre se puede terminar, mediante relaciones justas y la acci\u00f3n colectiva a nivel nacional e internacional.<\/div>\n<div><strong><br \/>\n<\/strong><strong>Sintiendo:<\/strong><\/div>\n<div>que Dios nos obliga a cuidar los bienes de la creaci\u00f3n y las necesidades de los dem\u00e1s;<\/div>\n<div>que cada uno de nosotros debe actuar para ayudar a garantizar que todas las comunidades, tengan seguridad alimentaria.<\/div>\n<div>\u00a0<\/div>\n<div><strong>Actuando:<\/strong><\/div>\n<div>para proteger nuestro medio ambiente y ayudar a los dem\u00e1s, cercanos y lejanos, a tener alimentos \u00a0seguros y fiables;<\/div>\n<div>incidir ante nuestras autoridades, por sistemas justos, as\u00ed como planificaci\u00f3n y \u00a0financiamiento adecuados, que garanticen la seguridad alimentaria de las comunidades vulnerables.<\/div>\n<div>\u00a0<\/div>\n<div>Fuente: caritas.org.pe<\/div>\n<p><a href=\"http:\/\/web.hilo.org.pe\/wp-content\/uploads\/Mensaje.jpg\" target=\"_blank\" rel=\"noopener\">Ver archivo adjunto<\/a><\/p>\n","protected":false},"excerpt":{"rendered":"<p>El Adviento nos recuerda el don de la luz de Cristo, que  nos fue concedido para ayudarnos a prosperar y vivir en el Amor de Dios. Nosotros, como C?ritas, debemos hacer que la luz de Cristo, brille con fuerza en nuestros corazones. Estamos llamados a ser portadores de la luz, para alumbrarnos entre nosotros, aportando esperanza y optimismo en nuestra Instituci?n y en nuestra sociedad.<\/p>\n","protected":false},"author":1,"featured_media":7893,"comment_status":"closed","ping_status":"closed","sticky":false,"template":"","format":"standard","meta":{"footnotes":""},"categories":[9],"tags":[],"class_list":["post-2617","post","type-post","status-publish","format-standard","has-post-thumbnail","hentry","category-noticias"],"_links":{"self":[{"href":"https:\/\/ceas.org.pe\/index.php\/wp-json\/wp\/v2\/posts\/2617","targetHints":{"allow":["GET"]}}],"collection":[{"href":"https:\/\/ceas.org.pe\/index.php\/wp-json\/wp\/v2\/posts"}],"about":[{"href":"https:\/\/ceas.org.pe\/index.php\/wp-json\/wp\/v2\/types\/post"}],"author":[{"embeddable":true,"href":"https:\/\/ceas.org.pe\/index.php\/wp-json\/wp\/v2\/users\/1"}],"replies":[{"embeddable":true,"href":"https:\/\/ceas.org.pe\/index.php\/wp-json\/wp\/v2\/comments?post=2617"}],"version-history":[{"count":1,"href":"https:\/\/ceas.org.pe\/index.php\/wp-json\/wp\/v2\/posts\/2617\/revisions"}],"predecessor-version":[{"id":6601,"href":"https:\/\/ceas.org.pe\/index.php\/wp-json\/wp\/v2\/posts\/2617\/revisions\/6601"}],"wp:featuredmedia":[{"embeddable":true,"href":"https:\/\/ceas.org.pe\/index.php\/wp-json\/wp\/v2\/media\/7893"}],"wp:attachment":[{"href":"https:\/\/ceas.org.pe\/index.php\/wp-json\/wp\/v2\/media?parent=2617"}],"wp:term":[{"taxonomy":"category","embeddable":true,"href":"https:\/\/ceas.org.pe\/index.php\/wp-json\/wp\/v2\/categories?post=2617"},{"taxonomy":"post_tag","embeddable":true,"href":"https:\/\/ceas.org.pe\/index.php\/wp-json\/wp\/v2\/tags?post=2617"}],"curies":[{"name":"wp","href":"https:\/\/api.w.org\/{rel}","templated":true}]}}