{"id":2615,"date":"2015-12-10T17:21:28","date_gmt":"2015-12-10T17:21:28","guid":{"rendered":""},"modified":"2026-03-11T09:12:08","modified_gmt":"2026-03-11T14:12:08","slug":"papa-dejomonos-acariciar-por-la-misericordia-de-dios","status":"publish","type":"post","link":"https:\/\/ceas.org.pe\/index.php\/2015\/12\/10\/papa-dejomonos-acariciar-por-la-misericordia-de-dios\/","title":{"rendered":"Papa: Dej\u00f3monos acariciar por la misericordia de Dios"},"content":{"rendered":"<p>Dios est\u00e1 enamorado de nuestra peque\u00f1ez, su misericordia no tiene fin. Lo afirm\u00f3 el Papa durante la Misa de la ma\u00f1ana celebrada en la capilla de la Casa de Santa Marta, en la que tambi\u00e9n participaron los cardenales del Consejo de los Nueve, que comenzaron, precisamente hoy, su 12\u00aa Reuni\u00f3n de trabajo con el Santo Padre.<\/p>\n<div>\u00a0<\/div>\n<div>En su homil\u00eda, el Pont\u00edfice subray\u00f3 que la misericordia es como una caricia, como el abrazo de un padre que da consuelo y seguridad a su hijo.<\/div>\n<div>\u00a0<\/div>\n<div>\u201cEl Se\u00f1or es misericordioso y grande en el amor\u201d. El Papa Francisco desarroll\u00f3 su homil\u00eda matutina partiendo de la primera Lectura \u2013 tomada del libro de Isa\u00edas \u2013 donde en un mon\u00f3logo del Se\u00f1or se comprende que Dios ha elegido a su pueblo \u201cno porque fuera grande o poderoso\u201d, sino \u201cporque era el m\u00e1s peque\u00f1o de todos, el m\u00e1s miserable de todos\u201d.<\/div>\n<div><strong><br \/>\n<\/strong><\/div>\n<div><strong>Dios se enamora de nuestra peque\u00f1ez<\/strong><\/div>\n<div>\u00a0<\/div>\n<div>Dios \u2013 prosigui\u00f3 diciendo el Papa \u2013 \u201cse ha enamorado de esta miseria, se ha enamorado precisamente de esta peque\u00f1ez\u201d. Y en este mon\u00f3logo de Dios con su pueblo \u2013 reafirm\u00f3 \u2013 \u201cse ve este amor\u201d, un \u201camor tierno, un amor como el del pap\u00e1 o la mam\u00e1\u201d, cuando habla con el ni\u00f1o que \u201cse despierta de noche asustado por un sue\u00f1o\u201d. Y lo tranquiliza: \u201cYo te tomo la mano derecha, qu\u00e9date tranquilo, no temas\u201d:<\/div>\n<div>\u00a0<\/div>\n<div>\u201cTodos nosotros conocemos las caricias de los pap\u00e1 y de las mam\u00e1s, cuando los ni\u00f1os est\u00e1n inquietos por el susto: \u2018No temas, yo estoy aqu\u00ed; Yo estoy enamorado de tu peque\u00f1ez; me he enamorado de tu peque\u00f1ez, de tu nada\u2019. E incluso: \u2018No tengas miedo de tus pecados, Yo te quiero tanto; Yo estoy aqu\u00ed para perdonarte\u2019. Esta es la misericordia de Dios\u201d.<\/div>\n<div>\u00a0<\/div>\n<div><strong>El Se\u00f1or toma sobre s\u00ed nuestras debilidades<\/strong><\/div>\n<div>\u00a0<\/div>\n<div>Francisco record\u00f3 tambi\u00e9n a un santo que hac\u00eda muchas penitencias, al que el Se\u00f1or le ped\u00eda cada vez m\u00e1s hasta que \u00e9ste le dijo que ya no ten\u00eda nada m\u00e1s para darle y a quien Dios le respondi\u00f3: \u201cDame tus pecados\u201d:<\/div>\n<div>\u00a0<\/div>\n<div>\u201cEl Se\u00f1or quiere tomar sobre s\u00ed nuestras debilidades, nuestros pecados, nuestros cansancios. Jes\u00fas cu\u00e1ntas veces hac\u00eda sentir esto y despu\u00e9s: \u2018Vengan a m\u00ed, todos ustedes que est\u00e1n fatigados, agobiados, y yo les dar\u00e9 descanso. Yo soy el Se\u00f1or tu Dios, que te tengo por la derecha, no temas peque\u00f1o, no temas. Yo te dar\u00e9 fuerza. Dame todo y yo te perdonar\u00e9, te dar\u00e9 paz\u201d.<\/div>\n<div>\u00a0<\/div>\n<div><strong>Que la misericordia de Dios nos haga m\u00e1s misericordiosos con los dem\u00e1s<\/strong><\/div>\n<div>\u00a0<\/div>\n<div>Estas son \u201clas caricias de Dios\u201d \u2013 dijo tambi\u00e9n el Papa Bergoglio \u2013, son las caricias de nuestro Padre, cuando se expresa con su misericordia\u201d:<\/div>\n<div>\u00a0<\/div>\n<div>\u201cNosotros que estamos tan nerviosos, cuando una cosa no va bien, nos agitamos, estamos impacientes\u2026 En cambio \u00c9l: \u2018Qu\u00e9date tranquilo, hiciste algo gordo, s\u00ed, pero qu\u00e9date tranquilo; no temas, Yo te perdono. D\u00e1mela\u2019. Esto es lo que significa lo que hemos repetido en el Salmo: \u2018El Se\u00f1or es misericordioso y grande en el amor\u2019. Nosotros somos peque\u00f1os. \u00c9l nos ha dado todo. Nos pide s\u00f3lo nuestras miserias, nuestras peque\u00f1eces, nuestros pecados, para abrazarnos, para acariciarnos\u201d.<\/div>\n<div>\u00a0<\/div>\n<div>\u201cPidamos al Se\u00f1or \u2013 concluy\u00f3 diciendo Francisco en su homil\u00eda \u2013 que despierte en cada uno de nosotros, y en todo el pueblo, la fe en esta paternidad, en esta misericordia, en su coraz\u00f3n. Y que esta fe en su paternidad y su misericordia nos haga un poco m\u00e1s misericordiosos con los dem\u00e1s\u201d.<\/div>\n<div>\u00a0<\/div>\n<div>Fuente: es.aleteia.org<\/div>\n<p><a href=\"http:\/\/web.hilo.org.pe\/wp-content\/uploads\/Misericordiadedios.jpg\" target=\"_blank\" rel=\"noopener\">Ver archivo adjunto<\/a><\/p>\n","protected":false},"excerpt":{"rendered":"<p>\u00a0Dios est\u00e1 enamorado de nuestra peque\u00f1ez, su misericordia no tiene fin. Lo afirm\u00f3 el Papa durante la Misa de la ma\u00f1ana celebrada en la capilla de la Casa de Santa Marta, en la que tambi\u00e9n participaron los cardenales del Consejo de los Nueve, que comenzaron, precisamente hoy, su 12\u00aa Reuni\u00f3n de trabajo con el Santo Padre.<\/p>\n","protected":false},"author":1,"featured_media":7874,"comment_status":"closed","ping_status":"closed","sticky":false,"template":"","format":"standard","meta":{"footnotes":""},"categories":[9],"tags":[],"class_list":["post-2615","post","type-post","status-publish","format-standard","has-post-thumbnail","hentry","category-noticias"],"_links":{"self":[{"href":"https:\/\/ceas.org.pe\/index.php\/wp-json\/wp\/v2\/posts\/2615","targetHints":{"allow":["GET"]}}],"collection":[{"href":"https:\/\/ceas.org.pe\/index.php\/wp-json\/wp\/v2\/posts"}],"about":[{"href":"https:\/\/ceas.org.pe\/index.php\/wp-json\/wp\/v2\/types\/post"}],"author":[{"embeddable":true,"href":"https:\/\/ceas.org.pe\/index.php\/wp-json\/wp\/v2\/users\/1"}],"replies":[{"embeddable":true,"href":"https:\/\/ceas.org.pe\/index.php\/wp-json\/wp\/v2\/comments?post=2615"}],"version-history":[{"count":1,"href":"https:\/\/ceas.org.pe\/index.php\/wp-json\/wp\/v2\/posts\/2615\/revisions"}],"predecessor-version":[{"id":6603,"href":"https:\/\/ceas.org.pe\/index.php\/wp-json\/wp\/v2\/posts\/2615\/revisions\/6603"}],"wp:featuredmedia":[{"embeddable":true,"href":"https:\/\/ceas.org.pe\/index.php\/wp-json\/wp\/v2\/media\/7874"}],"wp:attachment":[{"href":"https:\/\/ceas.org.pe\/index.php\/wp-json\/wp\/v2\/media?parent=2615"}],"wp:term":[{"taxonomy":"category","embeddable":true,"href":"https:\/\/ceas.org.pe\/index.php\/wp-json\/wp\/v2\/categories?post=2615"},{"taxonomy":"post_tag","embeddable":true,"href":"https:\/\/ceas.org.pe\/index.php\/wp-json\/wp\/v2\/tags?post=2615"}],"curies":[{"name":"wp","href":"https:\/\/api.w.org\/{rel}","templated":true}]}}