{"id":2608,"date":"2015-12-03T12:45:58","date_gmt":"2015-12-03T12:45:58","guid":{"rendered":""},"modified":"2026-03-11T09:12:08","modified_gmt":"2026-03-11T14:12:08","slug":"diocesis-de-chimbote-actividades-en-la-vospera-de-la-beatificacion-de-los-mortires-del-pero","status":"publish","type":"post","link":"https:\/\/ceas.org.pe\/index.php\/2015\/12\/03\/diocesis-de-chimbote-actividades-en-la-vospera-de-la-beatificacion-de-los-mortires-del-pero\/","title":{"rendered":"Diocesis de Chimbote: actividades en la v\u00f3spera de la beatificaci\u00f3n de los m\u00f3rtires del Per\u00f3"},"content":{"rendered":"<p>El viernes 4 de diciembre, el d\u00eda previo a la beatificaci\u00f3n de los m\u00e1rtires, habr\u00e1 una serie de actividades en Chimbote, con la participaci\u00f3n de autoridades y visitantes eclesiales que llegan para la gran ceremonia.<\/p>\n<div>\u00a0<\/div>\n<div>A las 3 p.m. se inaugurar\u00e1 el monumento a los m\u00e1rtires de la Di\u00f3cesis de Chimbote, construido por la Municipalidad Provincial del Santa y que ser\u00e1 colocado en la cuadra 8 de la avenida Jos\u00e9 Pardo, una de las v\u00edas m\u00e1s importantes de acceso a la ciudad.<\/div>\n<div>Esta ceremonia estar\u00e1 presidida por Mons. Miguel Cabrejos Vidarte, arzobispo de Trujillo; y las autoridades ediles. Se inform\u00f3 que el monumento fue elaborado en fibra de vidrio y es de color bronce viejo.<\/div>\n<div>\u00a0<\/div>\n<div>A las 4 p.m. la Municipalidad Provincial del Santa ofrecer\u00e1 una sesi\u00f3n solemne en el centro de convenciones de Uladech Cat\u00f3lica, donde se entregar\u00e1 medallas y llaves de la ciudad al delegado del Papa, Cardenal Angelo Amato; adem\u00e1s a obispos y algunas autoridades llegados de Italia y Polonia. \u00a0\u00a0<\/div>\n<div>\u00a0<\/div>\n<div>A las 5 p.m. se inaugurar\u00e1 el Parque de los M\u00e1rtires, ubicado frente al colegio \u201cAugusto Salazar Bondy\u201d. Esta ceremonia est\u00e1 a cargo de la Municipalidad Distrital de Nuevo Chimbote y se tendr\u00e1 el izamiento de banderas del Per\u00fa, Italia y Polonia.<\/div>\n<div>\u00a0<\/div>\n<div>A las 7.30 p.m., en la Catedral Nuestra Se\u00f1or del Carmen y San Pedro Ap\u00f3stol se celebrar\u00e1 una misa presidida por el presidente de la Conferencia Episcopal Peruana, Mons. Salvador Pi\u00f1eiro; seguido de una vigilia de oraci\u00f3n al Sant\u00edsimo y c\u00e1nticos.<\/div>\n<div>\u00a0<\/div>\n<div>A las 9.30 p.m. iniciar\u00e1 el concierto de m\u00fasica donde participar\u00e1n grupos musicales de la Di\u00f3cesis de Chimbote, adem\u00e1s de destacados cantautores peruanos como Alondra y su banda, Luis Enrique Ascoy, el grupo de religiosas Siervas de Dios y Enrique Mes\u00edas, autor del himno de la beatificaci\u00f3n que cantar\u00e1 en vivo. \u00a0(Fuente: Chimbote en L\u00ednea)<\/div>\n<p><a href=\"http:\/\/web.hilo.org.pe\/wp-content\/uploads\/catedral misa.jpg\" target=\"_blank\" rel=\"noopener\">Ver archivo adjunto<\/a><\/p>\n","protected":false},"excerpt":{"rendered":"<p>El viernes 4 de diciembre, el d?a previo a la beatificaci?n de los m?rtires, habr? una serie de actividades en Chimbote, con la participaci?n de autoridades y visitantes eclesiales que llegan para la gran ceremonia.<\/p>\n","protected":false},"author":1,"featured_media":7979,"comment_status":"closed","ping_status":"closed","sticky":false,"template":"","format":"standard","meta":{"footnotes":""},"categories":[9],"tags":[],"class_list":["post-2608","post","type-post","status-publish","format-standard","has-post-thumbnail","hentry","category-noticias"],"_links":{"self":[{"href":"https:\/\/ceas.org.pe\/index.php\/wp-json\/wp\/v2\/posts\/2608","targetHints":{"allow":["GET"]}}],"collection":[{"href":"https:\/\/ceas.org.pe\/index.php\/wp-json\/wp\/v2\/posts"}],"about":[{"href":"https:\/\/ceas.org.pe\/index.php\/wp-json\/wp\/v2\/types\/post"}],"author":[{"embeddable":true,"href":"https:\/\/ceas.org.pe\/index.php\/wp-json\/wp\/v2\/users\/1"}],"replies":[{"embeddable":true,"href":"https:\/\/ceas.org.pe\/index.php\/wp-json\/wp\/v2\/comments?post=2608"}],"version-history":[{"count":1,"href":"https:\/\/ceas.org.pe\/index.php\/wp-json\/wp\/v2\/posts\/2608\/revisions"}],"predecessor-version":[{"id":6610,"href":"https:\/\/ceas.org.pe\/index.php\/wp-json\/wp\/v2\/posts\/2608\/revisions\/6610"}],"wp:featuredmedia":[{"embeddable":true,"href":"https:\/\/ceas.org.pe\/index.php\/wp-json\/wp\/v2\/media\/7979"}],"wp:attachment":[{"href":"https:\/\/ceas.org.pe\/index.php\/wp-json\/wp\/v2\/media?parent=2608"}],"wp:term":[{"taxonomy":"category","embeddable":true,"href":"https:\/\/ceas.org.pe\/index.php\/wp-json\/wp\/v2\/categories?post=2608"},{"taxonomy":"post_tag","embeddable":true,"href":"https:\/\/ceas.org.pe\/index.php\/wp-json\/wp\/v2\/tags?post=2608"}],"curies":[{"name":"wp","href":"https:\/\/api.w.org\/{rel}","templated":true}]}}