{"id":2607,"date":"2015-12-02T10:37:41","date_gmt":"2015-12-02T10:37:41","guid":{"rendered":""},"modified":"2026-03-11T09:12:08","modified_gmt":"2026-03-11T14:12:08","slug":"programa-general-de-la-beatificacion-de-los-mortires-del-pero","status":"publish","type":"post","link":"https:\/\/ceas.org.pe\/index.php\/2015\/12\/02\/programa-general-de-la-beatificacion-de-los-mortires-del-pero\/","title":{"rendered":"Programa general de la beatificaci\u00f3n de los m\u00f3rtires del Per\u00f3"},"content":{"rendered":"<div>Todo se encuentra listo en la Di\u00f3cesis de Chimbote para la gran ceremonia de beatificaci\u00f3n de los primeros m\u00e1rtires del Per\u00fa que se realizar\u00e1 este s\u00e1bado 5 de diciembre a las 10 a.m. en el estadio Centenario de Chimbote, con la presencia del Cardenal Angel Amato, delegado del Papa Francisco. Actividades previas y posteriores se han programado. <a href=\"http:\/\/www.ceas.org.pe\/noticias\/Gigan.jpg\" target=\"_blank\">Ver afiche<\/a><\/div>\n<div>\u00a0<\/div>\n<div>\u00a0<\/div>\n<p><a href=\"http:\/\/web.hilo.org.pe\/wp-content\/uploads\/programa.jpg\" target=\"_blank\" rel=\"noopener\">Ver archivo adjunto<\/a><\/p>\n","protected":false},"excerpt":{"rendered":"<p>\u00a0Todo se encuentra listo en la Di\u00f3cesis de Chimbote para la gran ceremonia de beatificaci\u00f3n de los primeros m\u00e1rtires del Per\u00fa que se realizar\u00e1 este s\u00e1bado 5 de diciembre a las 10 a.m. en el estadio Centenario de Chimbote, con la presencia del Cardenal Angel Amato, delegado del Papa Francisco.<\/p>\n","protected":false},"author":1,"featured_media":7979,"comment_status":"closed","ping_status":"closed","sticky":false,"template":"","format":"standard","meta":{"footnotes":""},"categories":[9],"tags":[],"class_list":["post-2607","post","type-post","status-publish","format-standard","has-post-thumbnail","hentry","category-noticias"],"_links":{"self":[{"href":"https:\/\/ceas.org.pe\/index.php\/wp-json\/wp\/v2\/posts\/2607","targetHints":{"allow":["GET"]}}],"collection":[{"href":"https:\/\/ceas.org.pe\/index.php\/wp-json\/wp\/v2\/posts"}],"about":[{"href":"https:\/\/ceas.org.pe\/index.php\/wp-json\/wp\/v2\/types\/post"}],"author":[{"embeddable":true,"href":"https:\/\/ceas.org.pe\/index.php\/wp-json\/wp\/v2\/users\/1"}],"replies":[{"embeddable":true,"href":"https:\/\/ceas.org.pe\/index.php\/wp-json\/wp\/v2\/comments?post=2607"}],"version-history":[{"count":1,"href":"https:\/\/ceas.org.pe\/index.php\/wp-json\/wp\/v2\/posts\/2607\/revisions"}],"predecessor-version":[{"id":6611,"href":"https:\/\/ceas.org.pe\/index.php\/wp-json\/wp\/v2\/posts\/2607\/revisions\/6611"}],"wp:featuredmedia":[{"embeddable":true,"href":"https:\/\/ceas.org.pe\/index.php\/wp-json\/wp\/v2\/media\/7979"}],"wp:attachment":[{"href":"https:\/\/ceas.org.pe\/index.php\/wp-json\/wp\/v2\/media?parent=2607"}],"wp:term":[{"taxonomy":"category","embeddable":true,"href":"https:\/\/ceas.org.pe\/index.php\/wp-json\/wp\/v2\/categories?post=2607"},{"taxonomy":"post_tag","embeddable":true,"href":"https:\/\/ceas.org.pe\/index.php\/wp-json\/wp\/v2\/tags?post=2607"}],"curies":[{"name":"wp","href":"https:\/\/api.w.org\/{rel}","templated":true}]}}