{"id":2604,"date":"2015-11-30T12:41:57","date_gmt":"2015-11-30T12:41:57","guid":{"rendered":""},"modified":"2026-03-11T09:12:08","modified_gmt":"2026-03-11T14:12:08","slug":"iniciamos-el-adviento","status":"publish","type":"post","link":"https:\/\/ceas.org.pe\/index.php\/2015\/11\/30\/iniciamos-el-adviento\/","title":{"rendered":"Iniciamos el Adviento"},"content":{"rendered":"<p>ACI).- El primer domingo de Adviento es el primer d\u00eda del Nuevo A\u00f1o Lit\u00fargico para la Iglesia Cat\u00f3lica y en esta ocasi\u00f3n, en el Evangelio (Lucas 21, 25-28. 34-36), Jes\u00fas anima a los fieles a \u201cestar siempre despiertos, pidiendo fuerza para escapar de todo lo que est\u00e1 por venir y mantenerse en pie ante el Hijo del hombre\u201d.<\/p>\n<div>\u00a0<\/div>\n<div>Asimismo, las lecturas b\u00edblicas de esta primera semana y la predicaci\u00f3n son una invitaci\u00f3n a estar vigilantes para cuando venga el Se\u00f1or. Por ello, es importante que en las familias se haga un prop\u00f3sito que les permita avanzar en el camino hacia la Navidad.<\/div>\n<div>\u00a0<\/div>\n<div>En un momento propicio o \u00a0tal vez despu\u00e9s del encendido de la primera vela de la corona de adviento, los miembros del hogar podr\u00edan comenzar revisando las relaciones familiares y terminar pidiendo perd\u00f3n a quienes se ha ofendido, as\u00ed como d\u00e1ndolo a los dem\u00e1s.<\/div>\n<div>\u00a0<\/div>\n<div>Esto debe ser el principio de un renovado a\u00f1o en el que se buscar\u00e1 seguir creciendo en un ambiente de armon\u00eda y amor familiar. Lo cual tambi\u00e9n deber\u00e1 extenderse a los dem\u00e1s grupos con el que cotidianamente uno se relaciona, ya sea en la escuela, el trabajo, el vecindario, etc.<\/div>\n<div>\u00a0<\/div>\n<div>Para terminar, es importante recordar que el A\u00f1o Lit\u00fargico es el conjunto de las celebraciones con las cuales la Iglesia conmemora anualmente el misterio de Cristo.<\/div>\n<div>\u00a0<\/div>\n<div>El tiempo de Adviento, que es el primer per\u00edodo del A\u00f1o Lit\u00fargico, tiene una duraci\u00f3n de cuatro semanas, comienza este domingo 29 de noviembre y se prolonga hasta el 24 de diciembre. Las lecturas son las correspondientes al Ciclo C.<\/div>\n<div>\u00a0<\/div>\n<div>Enciende la primera llama de tu Corona con esta liturgia en casa.<\/div>\n<div>\u00a0<\/div>\n<div>Fuente: aciprensa.com<\/div>\n<div>\u00a0<\/div>\n<p><a href=\"http:\/\/web.hilo.org.pe\/wp-content\/uploads\/primerdomingoad2014.jpg\" target=\"_blank\" rel=\"noopener\">Ver archivo adjunto<\/a><\/p>\n","protected":false},"excerpt":{"rendered":"<p>\u00a0ACI).- El primer domingo de Adviento es el primer d\u00eda del Nuevo A\u00f1o Lit\u00fargico para la Iglesia Cat\u00f3lica y en esta ocasi\u00f3n, en el Evangelio (Lucas 21, 25-28. 34-36), Jes\u00fas anima a los fieles a \u201cestar siempre despiertos, pidiendo fuerza para escapar de todo lo que est\u00e1 por venir y mantenerse en pie ante el Hijo del hombre\u201d.<\/p>\n","protected":false},"author":1,"featured_media":8084,"comment_status":"closed","ping_status":"closed","sticky":false,"template":"","format":"standard","meta":{"footnotes":""},"categories":[9],"tags":[],"class_list":["post-2604","post","type-post","status-publish","format-standard","has-post-thumbnail","hentry","category-noticias"],"_links":{"self":[{"href":"https:\/\/ceas.org.pe\/index.php\/wp-json\/wp\/v2\/posts\/2604","targetHints":{"allow":["GET"]}}],"collection":[{"href":"https:\/\/ceas.org.pe\/index.php\/wp-json\/wp\/v2\/posts"}],"about":[{"href":"https:\/\/ceas.org.pe\/index.php\/wp-json\/wp\/v2\/types\/post"}],"author":[{"embeddable":true,"href":"https:\/\/ceas.org.pe\/index.php\/wp-json\/wp\/v2\/users\/1"}],"replies":[{"embeddable":true,"href":"https:\/\/ceas.org.pe\/index.php\/wp-json\/wp\/v2\/comments?post=2604"}],"version-history":[{"count":1,"href":"https:\/\/ceas.org.pe\/index.php\/wp-json\/wp\/v2\/posts\/2604\/revisions"}],"predecessor-version":[{"id":6614,"href":"https:\/\/ceas.org.pe\/index.php\/wp-json\/wp\/v2\/posts\/2604\/revisions\/6614"}],"wp:featuredmedia":[{"embeddable":true,"href":"https:\/\/ceas.org.pe\/index.php\/wp-json\/wp\/v2\/media\/8084"}],"wp:attachment":[{"href":"https:\/\/ceas.org.pe\/index.php\/wp-json\/wp\/v2\/media?parent=2604"}],"wp:term":[{"taxonomy":"category","embeddable":true,"href":"https:\/\/ceas.org.pe\/index.php\/wp-json\/wp\/v2\/categories?post=2604"},{"taxonomy":"post_tag","embeddable":true,"href":"https:\/\/ceas.org.pe\/index.php\/wp-json\/wp\/v2\/tags?post=2604"}],"curies":[{"name":"wp","href":"https:\/\/api.w.org\/{rel}","templated":true}]}}