{"id":2602,"date":"2015-11-27T09:30:53","date_gmt":"2015-11-27T09:30:53","guid":{"rendered":""},"modified":"2026-03-11T09:12:08","modified_gmt":"2026-03-11T14:12:08","slug":"huancayo-abriro-la-puerta-de-la-misericordia-el-8-de-diciembre","status":"publish","type":"post","link":"https:\/\/ceas.org.pe\/index.php\/2015\/11\/27\/huancayo-abriro-la-puerta-de-la-misericordia-el-8-de-diciembre\/","title":{"rendered":"Huancayo abrir\u00f3 la puerta de la misericordia el 8 de diciembre"},"content":{"rendered":"<div style=\"color: rgb(34, 34, 34); font-family: arial, sans-serif; font-size: 12.8px;\">Conforme al pedido del Papa Francisco, la Iglesia en Huancayo abrir\u00e1 la Puerta Santa de la Misericordia el domingo 13 de diciembre, a trav\u00e9s de la cual los fieles podr\u00e1n experimentar el amor de Dios que consuela, que perdona y ofrece esperanza. La ceremonia ser\u00e1 presidida por Monse\u00f1or Pedro Barreto Jimeno, SJ., Arzobispo de Huancayo, en comuni\u00f3n con los sacerdotes diocesanos que expresar\u00e1n su compromiso de vivir este a\u00f1o como un momento extraordinario de gracia.<\/div>\n<div style=\"color: rgb(34, 34, 34); font-family: arial, sans-serif; font-size: 12.8px;\">\u00a0<\/div>\n<div style=\"color: rgb(34, 34, 34); font-family: arial, sans-serif; font-size: 12.8px;\">\n<div>El 8 de diciembre, fiesta de la Inmaculada Concepci\u00f3n, la Arquidi\u00f3cesis de Huancayo abrir\u00e1 el A\u00f1o Santo dedicado al Jubileo Extraordinario de la Misericordia que ser\u00e1 un tiempo propicio para la renovaci\u00f3n espiritual en la Iglesia Arquidiocesana.\u00a0<\/div>\n<div>\u00a0<\/div>\n<div>Este acontecimiento eclesial tendr\u00e1 lugar en la ciudad de Jauja, sede de la Vicar\u00eda IV, en el coliseo del Colegio \u201cSan Jos\u00e9\u201d, donde se dar\u00e1n cita las comunidades parroquiales de las cinco vicar\u00edas: Yauli, Chupaca, Concepci\u00f3n, Huancayo y Jauja.<\/div>\n<div>\u00a0<\/div>\n<div>El programa de ese d\u00eda empezar\u00e1 a las 9:00 a.m., con el desplazamiento de las delegaciones desde el \u00f3valo del aeropuerto, rumbo al lugar del encuentro. Despu\u00e9s de la animaci\u00f3n, presentaci\u00f3n de danzas y una exposici\u00f3n del significado del A\u00f1o de la Misericordia, se celebrar\u00e1 la Santa Misa presidida por el Arzobispo de Huancayo, y concelebrada por los sacerdotes de la jurisdicci\u00f3n. (Fuente: CEP)\u00a0<\/div>\n<\/div>\n<div style=\"color: rgb(34, 34, 34); font-family: arial, sans-serif; font-size: 12.8px;\">\u00a0<\/div>\n<div style=\"color: rgb(34, 34, 34); font-family: arial, sans-serif; font-size: 12.8px;\">\n<div>EL 13 DE DICIEMBRE, SE INICIAR\u00c1 LA CELEBRACI\u00d3N DEL \u201cA\u00d1O SANTO DE LA MISERICORDIA\u201d EN LA PRELATURA DE MOYOBAMBA<\/div>\n<div>\u00a0<\/div>\n<div>Como preparaci\u00f3n a la celebraci\u00f3n del A\u00f1o de la Misericordia, que se iniciar\u00e1 en diciembre pr\u00f3ximo, el Obispo Prelado de Moyobamba, Monse\u00f1or Rafael Escudero L\u00f3pez-Brea, public\u00f3 una Carta dirigida a todos los sacerdotes, religiosos y religiosas, responsables de los movimientos eclesiales, animadores de las comunidades rurales, catequistas, profesores de religi\u00f3n y fieles de la jurisdicci\u00f3n eclesi\u00e1stica. En esta carta, el Prelado explic\u00f3 qu\u00e9 es un A\u00f1o Santo Jubilar y su historia.<\/div>\n<div>\u00a0<\/div>\n<div>El Obispo mencion\u00f3 que durante este A\u00f1o Jubilar tambi\u00e9n se puede ganar la indulgencia, que es la remisi\u00f3n ante Dios de la pena temporal por los pecados. Dijo que para vivir y obtener la indulgencia los fieles est\u00e1n llamados a realizar algunas acciones, como: Peregrinar a la Puerta Santa, abierta en la Catedral y en las iglesias y santuarios establecidos por el Obispo de la di\u00f3cesis; Confesar los pecados en el Sacramento de la Reconciliaci\u00f3n; Participar en la Eucarist\u00eda con una reflexi\u00f3n sobre la misericordia; Recitar la profesi\u00f3n de fe, el Credo; y Rezar por el Santo Padre Francisco y sus intenciones.<\/div>\n<div>\u00a0<\/div>\n<div>Monse\u00f1or Escudero indic\u00f3 que en su convocatoria a este A\u00f1o Jubilar, el Papa Francisco pide que en cada Iglesia particular se abra una Puerta de la Misericordia en la Catedral, Iglesia madre de todos los fieles y tambi\u00e9n en los santuarios. De esta manera, el A\u00f1o Santo sea en cada Iglesia particular un momento extraordinario de gracia y renovaci\u00f3n espiritual, signo visible de la comuni\u00f3n de toda la Iglesia (cf. MV, 3).<\/div>\n<div>\u00a0<\/div>\n<div>Para que los fieles de la Prelatura de Moyobamba puedan alcanzar los bienes espirituales e indulgencias que el Santo Padre ofrece en este A\u00f1o Santo, Monse\u00f1or Rafael Escudero, estableci\u00f3 como templos jubilares: La Iglesia Catedral de Santiago Ap\u00f3stol, en Moyobamba; el Santuario Virgen de la Natividad, de Tabalosos; la Iglesia parroquial de El Triunfo de la Sant\u00edsima Cruz, en Tarapoto; y la Iglesia parroquial de Santa Rosa, en Bellavista.<\/div>\n<div>\u00a0<\/div>\n<div>Asimismo, dispuso que el 13 de diciembre pr\u00f3ximo, III Domingo de Adviento, se abra la Puerta del A\u00f1o Santo de la Misericordia en cada uno de los santuarios jubilares mencionados, y que se les predique a los fieles sobre la Misericordia divina y los medios de perd\u00f3n e indulgencia que la Iglesia desea alcancemos.<\/div>\n<div>\u00a0<\/div>\n<div>El Obispo dijo que quienes por diversos motivos se vean imposibilitados de llegar a la Puerta Santa (personas que padezcan alguna enfermedad y ancianos), el modo de obtener la indulgencia jubilar ser\u00e1 vivir la enfermedad y el sufrimiento como experiencia de cercan\u00eda al Se\u00f1or en el misterio de su pasi\u00f3n, muerte y resurrecci\u00f3n; recibiendo la comuni\u00f3n o participando en la santa misa y en la oraci\u00f3n comunitaria, tambi\u00e9n a trav\u00e9s de los diversos medios de comunicaci\u00f3n de la jurisdicci\u00f3n, como Radio Mar\u00eda en Moyobamba (AM 700, FM 96.90;) y en Tarapoto (FM 89.10).<\/div>\n<div>\u00a0<\/div>\n<div>As\u00ed tambi\u00e9n dijo que las personas privadas de libertad en las celebraciones en las c\u00e1rceles de Moyobamba, Tarapoto y Juanju\u00ed podr\u00e1n ganar la indulgencia, dirigiendo su pensamiento y la oraci\u00f3n al Padre. Record\u00f3 que la indulgencia jubilar tambi\u00e9n se puede ofrecer por las almas de los difuntos.<\/div>\n<div>\u00a0<\/div>\n<div>Finalmente, el Obispo de Moyobamba pido a los sacerdotes de las iglesias jubilares que estudien la \u201cBula Vultus Misericordiae\u201d, que mantengan abiertos los templos y programen actos especiales para la celebraci\u00f3n de este A\u00f1o Santo, especialmente que est\u00e9n disponibles para o\u00edr a los fieles en confesi\u00f3n.<\/div>\n<\/div>\n<p><a href=\"http:\/\/web.hilo.org.pe\/wp-content\/uploads\/arzobispohuancayo.jpg\" target=\"_blank\" rel=\"noopener\">Ver archivo adjunto<\/a><\/p>\n","protected":false},"excerpt":{"rendered":"<p>Conforme al pedido del Papa Francisco, la Iglesia en Huancayo abrir? la Puerta Santa de la Misericordia el domingo 13 de diciembre, a trav?s de la cual los fieles podr?n experimentar el amor de Dios que consuela, que perdona y ofrece esperanza.<\/p>\n","protected":false},"author":1,"featured_media":7908,"comment_status":"closed","ping_status":"closed","sticky":false,"template":"","format":"standard","meta":{"footnotes":""},"categories":[9],"tags":[],"class_list":["post-2602","post","type-post","status-publish","format-standard","has-post-thumbnail","hentry","category-noticias"],"_links":{"self":[{"href":"https:\/\/ceas.org.pe\/index.php\/wp-json\/wp\/v2\/posts\/2602","targetHints":{"allow":["GET"]}}],"collection":[{"href":"https:\/\/ceas.org.pe\/index.php\/wp-json\/wp\/v2\/posts"}],"about":[{"href":"https:\/\/ceas.org.pe\/index.php\/wp-json\/wp\/v2\/types\/post"}],"author":[{"embeddable":true,"href":"https:\/\/ceas.org.pe\/index.php\/wp-json\/wp\/v2\/users\/1"}],"replies":[{"embeddable":true,"href":"https:\/\/ceas.org.pe\/index.php\/wp-json\/wp\/v2\/comments?post=2602"}],"version-history":[{"count":1,"href":"https:\/\/ceas.org.pe\/index.php\/wp-json\/wp\/v2\/posts\/2602\/revisions"}],"predecessor-version":[{"id":6616,"href":"https:\/\/ceas.org.pe\/index.php\/wp-json\/wp\/v2\/posts\/2602\/revisions\/6616"}],"wp:featuredmedia":[{"embeddable":true,"href":"https:\/\/ceas.org.pe\/index.php\/wp-json\/wp\/v2\/media\/7908"}],"wp:attachment":[{"href":"https:\/\/ceas.org.pe\/index.php\/wp-json\/wp\/v2\/media?parent=2602"}],"wp:term":[{"taxonomy":"category","embeddable":true,"href":"https:\/\/ceas.org.pe\/index.php\/wp-json\/wp\/v2\/categories?post=2602"},{"taxonomy":"post_tag","embeddable":true,"href":"https:\/\/ceas.org.pe\/index.php\/wp-json\/wp\/v2\/tags?post=2602"}],"curies":[{"name":"wp","href":"https:\/\/api.w.org\/{rel}","templated":true}]}}