{"id":2598,"date":"2015-11-26T10:45:20","date_gmt":"2015-11-26T10:45:20","guid":{"rendered":""},"modified":"2026-03-11T09:12:08","modified_gmt":"2026-03-11T14:12:08","slug":"cajamarca-mos-de-5600-atenciones-por-violencia-familiar","status":"publish","type":"post","link":"https:\/\/ceas.org.pe\/index.php\/2015\/11\/26\/cajamarca-mos-de-5600-atenciones-por-violencia-familiar\/","title":{"rendered":"Cajamarca: m\u00f3s de 5,600 atenciones por violencia familiar"},"content":{"rendered":"<p>Como parte de las actividades que se vienen realizando en Cajamarca para la eliminaci\u00f3n de la violencia contra la mujer y en base a estad\u00edsticas de la Campa\u00f1a Nacional contra la Violencia Familiar, se ha informado que son 5,645 las consultas con atenci\u00f3n que hasta la fecha se han hecho en la regi\u00f3n, por casos de violencia familiar. Asimismo, se ha dado a conocer que, a nivel nacional, y hasta el pasado mes de octubre, los Centros de Emergencia Mujer (CEM) han registrado 71 casos de feminicidio y 148 de intento de homicidio de alguna mujer. Tales cifras han preocupado a la poblaci\u00f3n cajamarquina.<\/p>\n<p>El director distrital de Defensa P\u00fablica y Acceso a la Justicia de Cajamarca, Roberto Carlos Atalaya, revel\u00f3 que, seg\u00fan informaci\u00f3n nacional sobre violencia familiar, Lima Norte es, con 8966, la zona con mayor cantidad de consultas, seguida de la regi\u00f3n Jun\u00edn, donde se han llevado a cabo 5802 registros. Con 5645 casos, Cajamarca ocupa el tercer lugar en el pa\u00eds: \u201cEstas cifras deben ser motivo para seguir trabajando en la prevenci\u00f3n de este problema social que afecta a muchos hogares cajamarquinos\u201d, refiri\u00f3 el funcionario.<\/p>\n<div>Al respecto, Aurora Portal, presidenta de la Red de Promoci\u00f3n de la Mujer Cajamarquina (REPRODEMUC), en di\u00e1logo con Noticias SER, se\u00f1al\u00f3 que la violencia contra la mujer, y cualquier otra forma de violencia, es un tema vinculado a la educaci\u00f3n, que se tiene que poner en agenda en las pr\u00f3xima elecciones, pues urge acabar con un problema que considera grave: \u201cLa violencia viene desde la casa, desde las escuelas, y las que m\u00e1s \u00a0sufren son las mujeres. Es necesario sensibilizar, no solamente a las mujeres, sino tambi\u00e9n a los hombres, para crear conciencia en ellos\u201d, reclam\u00f3.<\/div>\n<div>\u00a0<\/div>\n<div>Asimismo, coment\u00f3 que las cifras alarman, pero que se est\u00e1 trabajando con todas las redes de mujeres, con la consigna de disminuir dichas estad\u00edsticas: \u201cEs un trabajo multidisciplinario. Por ello, el Estado debe dise\u00f1ar pol\u00edticas adecuadas\u201d, remarc\u00f3.\u00a0<\/div>\n<div>\u00a0<\/div>\n<div>Tan\u00eda Villar, coordinadora del Centro Emergencia Mujer (CEM) Cajamarca, inform\u00f3, durante un evento, que los Centros de Emergencia Mujer a nivel nacional registraron, durante el a\u00f1o 2014, un total de 96 casos de feminicidio y otros 186 de tentativa del mismo cr\u00edmen: \u201cEl feminicidio es una problem\u00e1tica que nos afecta a todos y todas. Genera da\u00f1os psicol\u00f3gicos y f\u00edsicos en la vida de las mujeres. No seamos c\u00f3mplices de la violencia contra la mujer y denunciemos los casos\u201d, invoc\u00f3.<\/div>\n<div>\u00a0<\/div>\n<div><strong>\u201cGobierno local y regional deben preocuparse m\u00e1s\u201d<\/strong><\/div>\n<div>Dina Mendoza, presidenta del Consejo Regional de la Mujer (COREMU), expres\u00f3 su preocupaci\u00f3n por el aumento de los episodios de violenciafamiliar y de feminicidiosen Cajamarca: \u201cNo hay recursos humanos ni econ\u00f3micos para combatir este grave problema. Las organizaciones sociales hemos estado llevando a cabo muchas actividades de promoci\u00f3n y sensibilizaci\u00f3n\u201d, coment\u00f3.<\/div>\n<div>\u00a0<\/div>\n<div>\u201cNuestro gobiernos regional y locales deben preocuparse por estos temas; no esperar que llegue un 8 de marzo, un 15 de octubre, un 25 de noviembre. Esto pasa porque solo nos juntarnos una vez al a\u00f1o a ver toda esta problem\u00e1tica\u201d, remarc\u00f3 Mendoza. En tal sentido, hizo un llamado desde el COREMU para que se combata de manera continua este problema y reclam\u00f3 para las instancias gubernamentales, un presupuesto adecuado, que sirva para el trabajo con organizaciones, pues su impresi\u00f3n es que no hay inter\u00e9s en el asunto.<\/div>\n<div>\u00a0<\/div>\n<div>Fuente: noticiasser.pe<\/div>\n<p><a href=\"http:\/\/web.hilo.org.pe\/wp-content\/uploads\/Cajamarca.jpg\" target=\"_blank\" rel=\"noopener\">Ver archivo adjunto<\/a><\/p>\n","protected":false},"excerpt":{"rendered":"<p>Como parte de las actividades que se vienen realizando en Cajamarca para la eliminaci?n de la violencia contra la mujer y en base a estad?sticas de la Campa?a Nacional contra la Violencia Familiar, se ha informado que son 5,645 las consultas con atenci?n que hasta la fecha se han hecho en la regi?n, por casos de violencia familiar.<\/p>\n","protected":false},"author":1,"featured_media":0,"comment_status":"closed","ping_status":"closed","sticky":false,"template":"","format":"standard","meta":{"footnotes":""},"categories":[9],"tags":[],"class_list":["post-2598","post","type-post","status-publish","format-standard","hentry","category-noticias"],"_links":{"self":[{"href":"https:\/\/ceas.org.pe\/index.php\/wp-json\/wp\/v2\/posts\/2598","targetHints":{"allow":["GET"]}}],"collection":[{"href":"https:\/\/ceas.org.pe\/index.php\/wp-json\/wp\/v2\/posts"}],"about":[{"href":"https:\/\/ceas.org.pe\/index.php\/wp-json\/wp\/v2\/types\/post"}],"author":[{"embeddable":true,"href":"https:\/\/ceas.org.pe\/index.php\/wp-json\/wp\/v2\/users\/1"}],"replies":[{"embeddable":true,"href":"https:\/\/ceas.org.pe\/index.php\/wp-json\/wp\/v2\/comments?post=2598"}],"version-history":[{"count":1,"href":"https:\/\/ceas.org.pe\/index.php\/wp-json\/wp\/v2\/posts\/2598\/revisions"}],"predecessor-version":[{"id":6620,"href":"https:\/\/ceas.org.pe\/index.php\/wp-json\/wp\/v2\/posts\/2598\/revisions\/6620"}],"wp:attachment":[{"href":"https:\/\/ceas.org.pe\/index.php\/wp-json\/wp\/v2\/media?parent=2598"}],"wp:term":[{"taxonomy":"category","embeddable":true,"href":"https:\/\/ceas.org.pe\/index.php\/wp-json\/wp\/v2\/categories?post=2598"},{"taxonomy":"post_tag","embeddable":true,"href":"https:\/\/ceas.org.pe\/index.php\/wp-json\/wp\/v2\/tags?post=2598"}],"curies":[{"name":"wp","href":"https:\/\/api.w.org\/{rel}","templated":true}]}}