{"id":2597,"date":"2015-11-24T16:33:53","date_gmt":"2015-11-24T16:33:53","guid":{"rendered":""},"modified":"2026-03-11T09:12:08","modified_gmt":"2026-03-11T14:12:08","slug":"nioos-y-nioas-reclaman-sus-derechos-en-frontis-del-congreso-de-la-repoblica","status":"publish","type":"post","link":"https:\/\/ceas.org.pe\/index.php\/2015\/11\/24\/nioos-y-nioas-reclaman-sus-derechos-en-frontis-del-congreso-de-la-repoblica\/","title":{"rendered":"Ni\u00f3os y ni\u00f3as reclaman sus derechos en frontis del Congreso de La Rep\u00f3blica"},"content":{"rendered":"<p>La Red Nacional de Ni\u00f1os, Ni\u00f1as y Adolescentes (REDNNA) conmemor\u00f3 este 20 de noviembre los 26 a\u00f1os de la Convenci\u00f3n Internacional sobre los Derechos del Ni\u00f1o en la Asamblea General de las Naciones Unidas en el Congreso de la Rep\u00fablica.<\/p>\n<div>\u00a0<\/div>\n<div>En la ceremonia, la REDNNA expres\u00f3 al Congreso que tienen que s\u00ed o s\u00ed aprobar una ley espec\u00edfica que proh\u00edba expresamente el castigo f\u00edsico y humillante contra ni\u00f1os, ni\u00f1as y adolescentes. Entre los puntos que tambi\u00e9n exigieron est\u00e1n:<\/div>\n<div>\u00a0<\/div>\n<div>Buen trato como exigencia de justicia social e Inclusi\u00f3n.<\/div>\n<div>\u00a0<\/div>\n<div>Educaci\u00f3n de calidad y con calidez.<\/div>\n<div>\u00a0<\/div>\n<div>Nunca m\u00e1s una participaci\u00f3n decorativa sino real y protag\u00f3nica.<\/div>\n<div>\u00a0<\/div>\n<div>Que el derecho a la protecci\u00f3n no tenga l\u00edmites de edad y sea un signo de reconocimiento a la existencia de las diversas infancias.<\/div>\n<div>\u00a0<\/div>\n<div>Un c\u00f3digo de los Ni\u00f1os Ni\u00f1as y Adolescentes que afirme nuestro derechos a una participaci\u00f3n informada.<\/div>\n<div>\u00a0<\/div>\n<div>No a la Corrupci\u00f3n queremos heredar un pa\u00eds sin corrupci\u00f3n.<\/div>\n<div>\u00a0<\/div>\n<div>Ese evento se llev\u00f3 a cabo gracias al Presidente del Congreso, Luis Ib\u00e9rico y al congresista Jos\u00e9 Urquizo. Este \u00faltimo fue reconocido por la REDNNA como \u201cAmigo de los Ni\u00f1os, Ni\u00f1as y Adolescentes\u201d por su apoyo y acompa\u00f1amiento para sus opiniones y propuestas sean escuchadas en el Congreso de la Rep\u00fablica.<\/div>\n<div>\u00a0<\/div>\n<div>Finalmente los chicos y chicas hicieron un pasacalle por las calles de Lima con alegr\u00eda y esperanza expresando a la ciudadan\u00eda en general:<\/div>\n<div>\u00a0<\/div>\n<div>No somos uno, no somos dos, somos los que luchan por los derechos hoy. Los ni\u00f1os queremos Inclusi\u00f3n en el C\u00f3digo. Pueblo escucha los NNAs est\u00e1n en lucha. En costa sierra y selva se defienden los derechos \u201cal agua, a la tierra y al medio ambiente\u201d. Yo no quiero golpes no quiero maltratos, Yo quiero un buen trato respeta mis derechos. Buen trato, buen trato a la ni\u00f1ez trabajadora. Los ni\u00f1os queremos un mejor Per\u00fa, gobierno no te quedes escucha nuestra voz. #DiaUniversalDelNi\u00f1o.<\/div>\n<div>\u00a0<\/div>\n<div>Tambi\u00e9n se cont\u00f3 con la presencia de las representantes de la Organizaci\u00f3n de las Naciones Unidas (ONU), del Ministerio de la Mujer y Poblaciones Vulnerables (MIMP), del Ministerio de Inclusi\u00f3n y Desarrollo Social (MIDIS), entre otras instituciones.<\/div>\n<div>\u00a0<\/div>\n<div>Por otro lado, el congresista Urquizo Maggia conf\u00eda en que todos sus colegas aprueben la ley que proh\u00edbe toda forma de castigo f\u00edsico y humillante hacia los ni\u00f1os y adolescentes, y as\u00ed sea finalmente aprobada en el Pleno.<\/div>\n<div>\u00a0<\/div>\n<div>Fuente: NAPA<\/div>\n<p><a href=\"http:\/\/web.hilo.org.pe\/wp-content\/uploads\/20151124_Derechos del nino.jpg\" target=\"_blank\" rel=\"noopener\">Ver archivo adjunto<\/a><\/p>\n","protected":false},"excerpt":{"rendered":"<p>La Red Nacional de Ni?os, Ni?as y Adolescentes (REDNNA) conmemor? este 20 de noviembre los 26 a?os de la Convenci?n Internacional sobre los Derechos del Ni?o en la Asamblea General de las Naciones Unidas en el Congreso de la Rep?blica.<\/p>\n","protected":false},"author":1,"featured_media":0,"comment_status":"closed","ping_status":"closed","sticky":false,"template":"","format":"standard","meta":{"footnotes":""},"categories":[9],"tags":[],"class_list":["post-2597","post","type-post","status-publish","format-standard","hentry","category-noticias"],"_links":{"self":[{"href":"https:\/\/ceas.org.pe\/index.php\/wp-json\/wp\/v2\/posts\/2597","targetHints":{"allow":["GET"]}}],"collection":[{"href":"https:\/\/ceas.org.pe\/index.php\/wp-json\/wp\/v2\/posts"}],"about":[{"href":"https:\/\/ceas.org.pe\/index.php\/wp-json\/wp\/v2\/types\/post"}],"author":[{"embeddable":true,"href":"https:\/\/ceas.org.pe\/index.php\/wp-json\/wp\/v2\/users\/1"}],"replies":[{"embeddable":true,"href":"https:\/\/ceas.org.pe\/index.php\/wp-json\/wp\/v2\/comments?post=2597"}],"version-history":[{"count":1,"href":"https:\/\/ceas.org.pe\/index.php\/wp-json\/wp\/v2\/posts\/2597\/revisions"}],"predecessor-version":[{"id":6621,"href":"https:\/\/ceas.org.pe\/index.php\/wp-json\/wp\/v2\/posts\/2597\/revisions\/6621"}],"wp:attachment":[{"href":"https:\/\/ceas.org.pe\/index.php\/wp-json\/wp\/v2\/media?parent=2597"}],"wp:term":[{"taxonomy":"category","embeddable":true,"href":"https:\/\/ceas.org.pe\/index.php\/wp-json\/wp\/v2\/categories?post=2597"},{"taxonomy":"post_tag","embeddable":true,"href":"https:\/\/ceas.org.pe\/index.php\/wp-json\/wp\/v2\/tags?post=2597"}],"curies":[{"name":"wp","href":"https:\/\/api.w.org\/{rel}","templated":true}]}}