{"id":2595,"date":"2015-11-23T17:13:33","date_gmt":"2015-11-23T17:13:33","guid":{"rendered":""},"modified":"2026-03-11T09:12:08","modified_gmt":"2026-03-11T14:12:08","slug":"piura-carta-del-arzobispo-con-motivo-del-inicio-del-aoo-de-la-misericordial","status":"publish","type":"post","link":"https:\/\/ceas.org.pe\/index.php\/2015\/11\/23\/piura-carta-del-arzobispo-con-motivo-del-inicio-del-aoo-de-la-misericordial\/","title":{"rendered":"Piura: carta del Arzobispo con motivo del inicio del A\u00f3o de la Misericordial"},"content":{"rendered":"<div>El Arzobispo de Piura, Monse\u00f1or Jos\u00e9 Antonio Eguren Anselmi, envi\u00f3 una carta a todos los p\u00e1rrocos, capellanes, superiores y superioras de las comunidades de Vida Consagrada, y fieles en general para recordar que el pr\u00f3ximo 8 de diciembre se dar\u00e1 inicio al \u201cA\u00f1o de la Misericordia\u201d, por ello pidi\u00f3 prepararse para este gran Jubileo.<\/div>\n<div>\u00a0<\/div>\n<div>El Arzobispo record\u00f3 que en marzo de este a\u00f1o, el Papa Francisco anunci\u00f3 un A\u00f1o Santo de la Misericordia con el objetivo de resaltar el rasgo m\u00e1s importante de Dios Padre en toda la Sagrada Escritura: Su Misericordia. \u201cLa Bula de convocaci\u00f3n del Jubileo Extraordinario de la Misericordia, Misericordiae Vultus, publicada el 11 de abril, ha iluminado esta iniciativa del Santo Padre, y es un texto clave para reflexionar sobre el significado del A\u00f1o Santo y encontrar \u00fatiles orientaciones pastorales para su celebraci\u00f3n. En ella se se\u00f1ala que el Jubileo de la Misericordia comenzar\u00e1 el 8 de diciembre pr\u00f3ximo, Solemnidad de la Inmaculada Concepci\u00f3n de Santa Mar\u00eda, y concluir\u00e1 el 20 de noviembre de 2016, Solemnidad de Cristo Rey del Universo\u201d.<\/div>\n<div>\u00a0<\/div>\n<div>Mencion\u00f3 que la misericordia ocupa un lugar central en el pontificado del Papa Francisco y que para el Pont\u00edfice la misericordia no es una palabra abstracta, ya que es \u201cla esencia del Evangelio que ha de configurar nuestras vidas y nuestro testimonio cotidiano\u201d. \u201cPara el Papa, la misericordia expresa el rostro de Dios Padre, la misi\u00f3n del Se\u00f1or Jes\u00fas, quien es la misericordia encarnada, la acci\u00f3n santificadora del Esp\u00edritu Santo y la forma a trav\u00e9s de la cual se expresa de una manera convincente la credibilidad de la Iglesia\u201d, dijo.<\/div>\n<div>\u00a0<\/div>\n<div>Monse\u00f1or Eguren mencion\u00f3 que es deseo expreso del Papa Francisco, que este A\u00f1o Santo se viva intensamente en las Iglesias particulares, como un verdadero momento de renovaci\u00f3n de la vida pastoral. \u201cEs necesario que se viva de la mejor manera la dimensi\u00f3n espiritual de este Jubileo mediante una aut\u00e9ntica y sincera conversi\u00f3n de vida que nos lleve en primer lugar a mostrar la coherencia entre el anuncio del Evangelio y la forma de vida que cada uno de nosotros los cristianos llevamos\u201d, se\u00f1al\u00f3.<\/div>\n<div>\u00a0<\/div>\n<div>Agreg\u00f3 que unida a la tradici\u00f3n de los A\u00f1os Jubilares est\u00e1 el don de la Indulgencia, como genuina experiencia de la misericordia de Dios. Para vivir y obtener la indulgencia, los fieles est\u00e1n llamados a realizar una breve peregrinaci\u00f3n hacia la \u201cPuerta de la Misericordia\u201d, que en el caso de la Arquidi\u00f3cesis de Piura ser\u00e1 la puerta de la Bas\u00edlica Catedral. Pero adem\u00e1s la Indulgencia Jubilar podr\u00e1 ganarse en las iglesias establecidas por el Arzobispo, que ha decidido que sean las siguientes: Bas\u00edlica Catedral San Miguel Arc\u00e1ngel (Piura); San Jos\u00e9 Obrero (Piura); Santa Rosa de Lima (Piura); San Juan Bautista (Catacaos); San Mart\u00edn de Tours (Sechura); San Francisco de As\u00eds (Paita); La Sant\u00edsima Trinidad (Sullana); San Francisco Javier (Querecotillo); San Andr\u00e9s (Tambogrande); La Inmaculada (Talara); Se\u00f1or de los Milagros (Talara Alta); San Nicol\u00e1s de Tolentino (Tumbes); San Jos\u00e9 (Tumbes), y Nuestra Se\u00f1ora del Perpetuo Socorro (Zarumilla \u2013 Tumbes).<\/div>\n<div>\u00a0<\/div>\n<div>Finalmente, el Arzobispo pidi\u00f3 a todos los p\u00e1rrocos de las iglesias jubilares designadas que estudien la Bula \u201cVultus Misericordiae\u201d, as\u00ed como los dem\u00e1s documentos emitidos por la Santa Sede al respecto, y sigan las iniciativas especiales que se realizar\u00e1n, con ocasi\u00f3n de este Jubileo.<\/div>\n<div>\u00a0<\/div>\n<div>\u201cQue en este A\u00f1o Jubilar la Iglesia se convierta en el eco de la Palabra de Dios que resuena fuerte y decidida como palabra y gesto de perd\u00f3n, de soporte, de ayuda, de amor. Que nunca se canse de ofrecer misericordia y sea siempre paciente en el confortar y perdonar. Que la Iglesia se haga voz de cada hombre y mujer y repita con confianza y sin descanso: \u00ab Acu\u00e9rdate, Se\u00f1or, de tu misericordia y de tu amor; que son eternos \u00bb (Sal 25,6)\u201d (Bula Misericordiae Vultus, n. 25)\u201d, concluy\u00f3. (Fuente: CEP)\u00a0<\/div>\n<div>\u00a0<\/div>\n<p><a href=\"http:\/\/web.hilo.org.pe\/wp-content\/uploads\/Arzobispodepiura.png\" target=\"_blank\" rel=\"noopener\">Ver archivo adjunto<\/a><\/p>\n","protected":false},"excerpt":{"rendered":"<p>El Arzobispo de Piura, Monse?or Jos? Antonio Eguren Anselmi, envi? una carta a todos los p?rrocos, capellanes, superiores y superioras de las comunidades de Vida Consagrada, y fieles en general para recordar que el pr?ximo 8 de diciembre se dar? inicio al ?A?o de la Misericordia?, por ello pidi? prepararse para este gran Jubileo.<\/p>\n","protected":false},"author":1,"featured_media":0,"comment_status":"closed","ping_status":"closed","sticky":false,"template":"","format":"standard","meta":{"footnotes":""},"categories":[9],"tags":[],"class_list":["post-2595","post","type-post","status-publish","format-standard","hentry","category-noticias"],"_links":{"self":[{"href":"https:\/\/ceas.org.pe\/index.php\/wp-json\/wp\/v2\/posts\/2595","targetHints":{"allow":["GET"]}}],"collection":[{"href":"https:\/\/ceas.org.pe\/index.php\/wp-json\/wp\/v2\/posts"}],"about":[{"href":"https:\/\/ceas.org.pe\/index.php\/wp-json\/wp\/v2\/types\/post"}],"author":[{"embeddable":true,"href":"https:\/\/ceas.org.pe\/index.php\/wp-json\/wp\/v2\/users\/1"}],"replies":[{"embeddable":true,"href":"https:\/\/ceas.org.pe\/index.php\/wp-json\/wp\/v2\/comments?post=2595"}],"version-history":[{"count":1,"href":"https:\/\/ceas.org.pe\/index.php\/wp-json\/wp\/v2\/posts\/2595\/revisions"}],"predecessor-version":[{"id":6623,"href":"https:\/\/ceas.org.pe\/index.php\/wp-json\/wp\/v2\/posts\/2595\/revisions\/6623"}],"wp:attachment":[{"href":"https:\/\/ceas.org.pe\/index.php\/wp-json\/wp\/v2\/media?parent=2595"}],"wp:term":[{"taxonomy":"category","embeddable":true,"href":"https:\/\/ceas.org.pe\/index.php\/wp-json\/wp\/v2\/categories?post=2595"},{"taxonomy":"post_tag","embeddable":true,"href":"https:\/\/ceas.org.pe\/index.php\/wp-json\/wp\/v2\/tags?post=2595"}],"curies":[{"name":"wp","href":"https:\/\/api.w.org\/{rel}","templated":true}]}}