{"id":2593,"date":"2015-11-19T18:30:37","date_gmt":"2015-11-19T18:30:37","guid":{"rendered":""},"modified":"2026-03-11T09:12:08","modified_gmt":"2026-03-11T14:12:08","slug":"la-cercanoa-al-projimo-supera-toda-barrera-de-nacionalidad-extracto-social-o-religion-dice-francisco","status":"publish","type":"post","link":"https:\/\/ceas.org.pe\/index.php\/2015\/11\/19\/la-cercanoa-al-projimo-supera-toda-barrera-de-nacionalidad-extracto-social-o-religion-dice-francisco\/","title":{"rendered":"La cercan\u00f3a al pr\u00f3jimo supera toda barrera de nacionalidad, extracto social o religi\u00f3n, dice Francisco"},"content":{"rendered":"<p>(RV).- El respeto por el valor de la vida y el amor por ella encuentra su realizaci\u00f3n insustituible en el hacerse pr\u00f3jimo, acercarse y cuidar de quien sufre en el cuerpo y en el esp\u00edritu: son palabras del Papa al recibir en audiencia en la ma\u00f1ana de este jueves en la Sala Regia del Vaticano, a m\u00e1s de 500 participantes en la XXX Conferencia Internacional dedicada a \u201cLa cultura de la salus y de la acogida al servicio del hombre y del planeta\u201d.<\/p>\n<p>Son \u201cacciones que caracterizan la pastoral de la salud \u2013 afirma Francisco &#8211; \u00a0y que ser\u00e1n especialmente evidenciadas durante el Jubileo de la Misericordia \u201cque nos llama a todos a estar cerca de los hermanos y hermanas que m\u00e1s sufren\u201d.<\/p>\n<div>\u00a0<\/div>\n<div>Acogida, compasi\u00f3n, comprensi\u00f3n y perd\u00f3n: son estos los elementos constitutivos de la \u201ccultura de la salus\u201d &#8211; explica el Papa &#8211; contenida en la Evangelium vitae de San Juan Pablo II, y que son \u201clas actitudes habituales de Jes\u00fas con la multitud de personas necesitadas que se le acercaban cada d\u00eda\u201d. Son las \u201cexigencias positivas\u201d del mandamiento sobre la inviolabilidad de la vida &#8211; subraya &#8211; y que deben caracterizar la pastoral de la salud.<\/div>\n<div>\u00a0<\/div>\n<div>El Papa habla de una cercan\u00eda al otro que supera \u201ctoda barrera de nacionalidad, de extracto social o religi\u00f3n\u201d, y supera tambi\u00e9n \u201ccriterios utilitaristas seg\u00fan los cuales seres humanos son rechazados o aceptados en base a la utilidad social o econ\u00f3mica\u201d. Esta mentalidad \u2013 explica el obispo de Roma \u2013 es pariente de la llamada \u201cmedicina de los deseos\u201d, una costumbre siempre m\u00e1s difundida en los pa\u00edses ricos caracterizada por la b\u00fasqueda de la perfecci\u00f3n f\u00edsica que induce a descartar o a marginar a quien no es \u201ceficiente\u201d.<\/div>\n<div>\u00a0<\/div>\n<div>El Pont\u00edfice se\u00f1ala asimismo que el \u201chacerse pr\u00f3jimo\u201d comporta tambi\u00e9n el asumir \u201cresponsabilidades improrrogables hacia la creaci\u00f3n y la casa com\u00fan\u201d, que est\u00e1 confiada al cuidado de todos, tambi\u00e9n para las generaciones futuras. Y reitera la preocupaci\u00f3n de la Iglesia por el destino de la familia humana y de la creaci\u00f3n entera.<\/div>\n<div>\u00a0<\/div>\n<div>\u201cSe trata \u2013 dice \u2013 de educarnos todos a custodiar y a administrar la creaci\u00f3n en su integridad como don entregado a la responsabilidad de cada generaci\u00f3n para que la entregue lo m\u00e1s integra y humanamente vivible para las generaciones futuras\u201d.<\/div>\n<div>\u00a0<\/div>\n<div>El Papa se refiere entonces a una conversi\u00f3n al \u2018Evangelio de la creaci\u00f3n\u2019 que \u201ccomporta que nos hagamos int\u00e9rpretes del grito por la dignidad humana que se eleva sobre todo de los m\u00e1s pobres y excluidos, como los enfermos y sufrientes\u201d y expresa su deseo de que, ante el inminente Jubileo de la Misericordia, este grito pueda encontrar eco en nuestros corazones para que en el ejercicio de las obras de misericordia, corporales y espirituales, podamos acoger el don de la gracia de Dios mientras nos volvemos \u2018canales\u2019 y testigos de la misericordia de Dios\u201d.<\/div>\n<div>\u00a0<\/div>\n<div>Con el deseo de que durante estos d\u00edas de encuentro \u201cpuedan contribuir a un nuevo desarrollo de la cultura de la salus\u201d en sentido integral, el Pont\u00edfice los alienta a tener siempre presente en sus trabajos, a las poblaciones que m\u00e1s sufren los da\u00f1os provocados por el degrado ambiental.<\/div>\n<div>\u00a0<\/div>\n<div>Fuente: es.radiovaticana.va<\/div>\n<p><a href=\"http:\/\/web.hilo.org.pe\/wp-content\/uploads\/Cercaniaalprojimo.jpg\" target=\"_blank\" rel=\"noopener\">Ver archivo adjunto<\/a><\/p>\n","protected":false},"excerpt":{"rendered":"<p>(RV).- El respeto por el valor de la vida y el amor por ella encuentra su realizaci\u00f3n insustituible en el hacerse pr\u00f3jimo, acercarse y cuidar de quien sufre en el cuerpo y en el esp\u00edritu: son palabras del Papa al recibir en audiencia en la ma\u00f1ana de este jueves en la Sala Regia del Vaticano, [&hellip;]<\/p>\n","protected":false},"author":1,"featured_media":0,"comment_status":"closed","ping_status":"closed","sticky":false,"template":"","format":"standard","meta":{"footnotes":""},"categories":[9],"tags":[],"class_list":["post-2593","post","type-post","status-publish","format-standard","hentry","category-noticias"],"_links":{"self":[{"href":"https:\/\/ceas.org.pe\/index.php\/wp-json\/wp\/v2\/posts\/2593","targetHints":{"allow":["GET"]}}],"collection":[{"href":"https:\/\/ceas.org.pe\/index.php\/wp-json\/wp\/v2\/posts"}],"about":[{"href":"https:\/\/ceas.org.pe\/index.php\/wp-json\/wp\/v2\/types\/post"}],"author":[{"embeddable":true,"href":"https:\/\/ceas.org.pe\/index.php\/wp-json\/wp\/v2\/users\/1"}],"replies":[{"embeddable":true,"href":"https:\/\/ceas.org.pe\/index.php\/wp-json\/wp\/v2\/comments?post=2593"}],"version-history":[{"count":1,"href":"https:\/\/ceas.org.pe\/index.php\/wp-json\/wp\/v2\/posts\/2593\/revisions"}],"predecessor-version":[{"id":6625,"href":"https:\/\/ceas.org.pe\/index.php\/wp-json\/wp\/v2\/posts\/2593\/revisions\/6625"}],"wp:attachment":[{"href":"https:\/\/ceas.org.pe\/index.php\/wp-json\/wp\/v2\/media?parent=2593"}],"wp:term":[{"taxonomy":"category","embeddable":true,"href":"https:\/\/ceas.org.pe\/index.php\/wp-json\/wp\/v2\/categories?post=2593"},{"taxonomy":"post_tag","embeddable":true,"href":"https:\/\/ceas.org.pe\/index.php\/wp-json\/wp\/v2\/tags?post=2593"}],"curies":[{"name":"wp","href":"https:\/\/api.w.org\/{rel}","templated":true}]}}