{"id":2592,"date":"2015-11-19T18:09:16","date_gmt":"2015-11-19T18:09:16","guid":{"rendered":""},"modified":"2026-03-11T09:12:08","modified_gmt":"2026-03-11T14:12:08","slug":"la-guerra-climotica-no-es-una-profecoa-apocaloptica-es-una-realidad","status":"publish","type":"post","link":"https:\/\/ceas.org.pe\/index.php\/2015\/11\/19\/la-guerra-climotica-no-es-una-profecoa-apocaloptica-es-una-realidad\/","title":{"rendered":"\u00abLa guerra clim\u00f3tica no es una profec\u00f3a apocal\u00f3ptica, es una realidad\u00bb"},"content":{"rendered":"<p>Bogot\u00e1, Colombia (EVARED\/REPAM).- Los recientes atentados ocurridos en Par\u00eds, en Bagdad, no deben ser interpretados como hechos aislados o sin conexi\u00f3n con lo que actualmente pasa en la pan amazonia, expres\u00f3 el padre Michael Czerny, Jesuita canadiense, especialista en temas de justicia social y ecolog\u00eda en el segundo d\u00eda de Encuentro de la Red Eclesial Pan-Amaz\u00f3nica, REPAM, que se realiza en Bogot\u00e1. Seg\u00fan explic\u00f3, la guerra clim\u00e1tica de Oriente Medio ha explotado de manera dram\u00e1tica. No se trata de una profec\u00eda apocal\u00edptica sino una realidad que se est\u00e1 manifestando de diversas maneras en el mundo, en la casa com\u00fan como ha llamado el papa Francisco.<\/p>\n<p>Para el P. Czerny, en el mundo hay un descontento en relaci\u00f3n a las asignaturas pendientes del colonialismo europeo en el medio oriente, la no inclusi\u00f3n de la segunda y tercera generaci\u00f3n de inmigrantes, las conexiones entre seguridad e inmigraci\u00f3n entre otros.<\/p>\n<div>Agrega que tambi\u00e9n hay descontento en relaci\u00f3n al tema ambiental. La escasez de alimentos, las sequias prolongadas en diversas partes del mundo son el resultado de la actuaci\u00f3n humana y los atentados que se cometen sobre la naturaleza. Hay evidencias, dijo, que las elevadas temperaturas y sequ\u00edas estar\u00edan relacionadas con los conflictos desde 1950.\u00a0<\/div>\n<div>\u00a0<\/div>\n<div>Con el cambio clim\u00e1tico la Amazon\u00eda y el Congo corren un riesgo mucho mayor ante la eventualidad de conflictos a\u00fan m\u00e1s intensos por el dominio del agua, tierras f\u00e9rtiles y otros recursos estrat\u00e9gicos, dice el P. Czerny.<\/div>\n<div>\u00a0<\/div>\n<div>Seg\u00fan a\u00f1ade, ante un panorama como el se\u00f1alado se hace necesario construir empoderamientos locales, estrategias nacionales y solidaridad internacional efectiva y duradera en el tiempo. Es imperativo un continuo dialogo mucho m\u00e1s all\u00e1 de la Iglesia cat\u00f3lica para que juntos podamos buscar caminos de liberaci\u00f3n.<\/div>\n<div>\u00a0<\/div>\n<div>Finalmente pidi\u00f3 al Dios del amor que ilumine a los due\u00f1os del poder y el dinero para que se guarden del pecado, de la indiferencia; amen el bien com\u00fan y promuevan y cuiden a los d\u00e9biles y este mundo que habitamos. Esa misma misi\u00f3n pidi\u00f3 aplicar al trabajo de la Red Eclesial Pan amaz\u00f3nica y la Red Eclesial amaz\u00f3nica del Congo.<\/div>\n<div>\u00a0<\/div>\n<div>Fuente: REPAM<\/div>\n<p><a href=\"http:\/\/web.hilo.org.pe\/wp-content\/uploads\/Guerraclimatica.png\" target=\"_blank\" rel=\"noopener\">Ver archivo adjunto<\/a><\/p>\n","protected":false},"excerpt":{"rendered":"<p>Bogot?, Colombia (EVARED\/REPAM).- Los recientes atentados ocurridos en Par?s, en Bagdad, no deben ser interpretados como hechos aislados o sin conexi?n con lo que actualmente pasa en la pan amazonia, expres? el padre Michael Czerny, Jesuita canadiense, especialista en temas de justicia social y ecolog?a en el segundo d?a de Encuentro de la Red Eclesial Pan-Amaz?nica, REPAM, que se realiza en Bogot?.<\/p>\n","protected":false},"author":1,"featured_media":0,"comment_status":"closed","ping_status":"closed","sticky":false,"template":"","format":"standard","meta":{"footnotes":""},"categories":[9],"tags":[],"class_list":["post-2592","post","type-post","status-publish","format-standard","hentry","category-noticias"],"_links":{"self":[{"href":"https:\/\/ceas.org.pe\/index.php\/wp-json\/wp\/v2\/posts\/2592","targetHints":{"allow":["GET"]}}],"collection":[{"href":"https:\/\/ceas.org.pe\/index.php\/wp-json\/wp\/v2\/posts"}],"about":[{"href":"https:\/\/ceas.org.pe\/index.php\/wp-json\/wp\/v2\/types\/post"}],"author":[{"embeddable":true,"href":"https:\/\/ceas.org.pe\/index.php\/wp-json\/wp\/v2\/users\/1"}],"replies":[{"embeddable":true,"href":"https:\/\/ceas.org.pe\/index.php\/wp-json\/wp\/v2\/comments?post=2592"}],"version-history":[{"count":1,"href":"https:\/\/ceas.org.pe\/index.php\/wp-json\/wp\/v2\/posts\/2592\/revisions"}],"predecessor-version":[{"id":6626,"href":"https:\/\/ceas.org.pe\/index.php\/wp-json\/wp\/v2\/posts\/2592\/revisions\/6626"}],"wp:attachment":[{"href":"https:\/\/ceas.org.pe\/index.php\/wp-json\/wp\/v2\/media?parent=2592"}],"wp:term":[{"taxonomy":"category","embeddable":true,"href":"https:\/\/ceas.org.pe\/index.php\/wp-json\/wp\/v2\/categories?post=2592"},{"taxonomy":"post_tag","embeddable":true,"href":"https:\/\/ceas.org.pe\/index.php\/wp-json\/wp\/v2\/tags?post=2592"}],"curies":[{"name":"wp","href":"https:\/\/api.w.org\/{rel}","templated":true}]}}