{"id":2591,"date":"2015-11-18T12:14:28","date_gmt":"2015-11-18T12:14:28","guid":{"rendered":""},"modified":"2026-03-11T09:12:08","modified_gmt":"2026-03-11T14:12:08","slug":"llamamientos-del-papa-los-derechos-de-la-nioez-en-el-mundo","status":"publish","type":"post","link":"https:\/\/ceas.org.pe\/index.php\/2015\/11\/18\/llamamientos-del-papa-los-derechos-de-la-nioez-en-el-mundo\/","title":{"rendered":"Llamamientos del Papa: los derechos de la ni\u00f3ez en el mundo"},"content":{"rendered":"<p>(RV).- Proteger a los ni\u00f1os de quienes que les roban su infancia, los obligan a ser soldados, los explotan y los maltratan. Y garantizar a los menores su leg\u00edtimo derecho a la escolarizaci\u00f3n. Fue el apremiante llamamiento del Papa Francisco, reiterando su invitaci\u00f3n a la Comunidad internacional:<\/p>\n<div>\u00a0<\/div>\n<div>\u00abPasado ma\u00f1ana se celebra la Jornada mundial de los derechos de la infancia. Es un deber de todos proteger a los ni\u00f1os y anteponer su bien a cualquier otro criterio, para que nunca sean sometidos a formas de servidumbre y maltratos, y tambi\u00e9n a formas de explotaci\u00f3n. Anhelo que la Comunidad internacional pueda vigilar atentamente sobre las condiciones de vida de los menores, especialmente all\u00ed donde est\u00e1n expuestos a reclutamiento por parte de grupos armados; y que pueda ayudar a las familias a garantizar a cada ni\u00f1o y ni\u00f1a el derecho a la escuela y a la educaci\u00f3n\u00bb.<\/div>\n<div>\u00a0<\/div>\n<div>En el A\u00f1o de la Vida Consagrada, que el mismo Papa Bergoglio instituy\u00f3, y luego inaugur\u00f3 el primer domingo de Adviento de 2014 &#8211; estableciendo asimismo que culmine con la fiesta de la Presentaci\u00f3n del Se\u00f1or, el 2 de febrero de 2016 &#8211; el Obispo de Roma se refiri\u00f3 a la Jornada Pro Orantibus. Recordando a cuantos en el mundo consagran su vida a la oraci\u00f3n e invitando a darles nuestro apoyo espiritual \u00a0y material en su importante misi\u00f3n. Jornada, que coincide con la celebraci\u00f3n de la Presentaci\u00f3n de Mar\u00eda y que fue instituida por P\u00edo XII, \u00a0el 21 de noviembre de 1953:<\/div>\n<div>\u00a0<\/div>\n<div>\u00abEl 21 de noviembre, la Iglesia recuerda la Presentaci\u00f3n de Mar\u00eda Sant\u00edsima en el Templo. En esta circunstancia demos gracias al Se\u00f1or por el don de la vocaci\u00f3n de los hombres y de las mujeres que, en los monasterios y en las ermitas, han dedicado su vida a Dios. Para que las comunidades de clausura puedan cumplir su importante misi\u00f3n, en la oraci\u00f3n y en el silencio activo, no les hagamos faltar nuestra cercan\u00eda espiritual y material\u00bb.<\/div>\n<div>\u00a0<\/div>\n<div>En su encuentro semanal con los peregrinos del mundo, el Papa les dese\u00f3 que su visita a Roma se cumpla con el esp\u00edritu del verdadero peregrino, que, \u00a0sabiendo que a\u00fan no posee el Bien m\u00e1s grande, se pone en camino para buscarlo. Y que no olviden que Dios se deja encontrar por cuantos lo anhelan encontrar. El Santo Padre reiter\u00f3 asimismo su invitaci\u00f3n a las familias para que hagan siempre de los umbrales de sus hogares un signo de la Puerta de la Misericordia que Jes\u00fas abre a todos y reiter\u00f3 que una Iglesia inhospitalaria y una familia encerrada en s\u00ed misma mortifican el Evangelio y hacen que el mundo se vuelva \u00e1rido.<\/div>\n<div>\u00a0<\/div>\n<div>En su saludo a los peregrinos de Polonia, destac\u00f3 el aniversario del Sindicato \u2018Solidaridad\u2019, la importancia de tutelar \u00a0la dignidad humana y los derechos laborales, por encima de interese pol\u00edticos y econ\u00f3micos, \u00a0y encomend\u00f3 a sus miembros al Beato Jerzy Popieluszko:<\/div>\n<div>\u00a0<\/div>\n<div>\u00abDoy mi cordial bienvenida a los peregrinos polacos. Saludo en particular a los representantes del Sindicato Aut\u00f3nomo de los Trabajadores \u2018Solidarnosc\u2019. Desde hace 35 a\u00f1os su Sindicato se empe\u00f1a en favor del mundo del trabajo, tanto f\u00edsico como intelectual, as\u00ed como en la tutela de los derechos fundamentales de la persona y de las sociedades. Sean fieles a este compromiso, para que los intereses pol\u00edticos o econ\u00f3micos no prevalezcan sobre los valores que constituyen la esencia de la solidaridad humana. Los encomiendo a todos los miembros del Sindicato a la protecci\u00f3n de su patrono, el Beato don Jerzy Popieluszko. Los bendigo de coraz\u00f3n \u00a1Alabado sea Jesucristo!\u00bb<\/div>\n<div>\u00a0<\/div>\n<div>La solemnidad \u00a0&#8211; 18 de noviembre \u2013 en que se conmemora \u00a0la Dedicaci\u00f3n de las Bas\u00edlicas de San Pedro y de San Pablo Extramuros, y el testimonio los Ap\u00f3stoles en el saludo del Obispo de Roma a los j\u00f3venes a los enfermos y a los reci\u00e9n casados:<\/div>\n<div>\u00a0<\/div>\n<div>\u00abQue el testimonio de los Ap\u00f3stoles, que lo dejaron todo para seguir a Jes\u00fas, encienda tambi\u00e9n en ustedes, queridos j\u00f3venes, el deseo de amarlo con todas sus fuerzas. Queridos enfermos, que los gloriosos sufrimientos de los Santos Pedro y Pablo den consuelo y esperanza a su ofrecimiento. Queridos reci\u00e9n casados, que sus hogares puedan ser templo de ese Amor del que nadie podr\u00e1 separarnos nunca\u00bb.<\/div>\n<div>\u00a0<\/div>\n<div>Fuente: radiovaticano<\/div>\n<p><a href=\"http:\/\/web.hilo.org.pe\/wp-content\/uploads\/Derechos.jpg\" target=\"_blank\" rel=\"noopener\">Ver archivo adjunto<\/a><\/p>\n","protected":false},"excerpt":{"rendered":"<p>(RV).- Proteger a los ni?os de quienes que les roban su infancia, los obligan a ser soldados, los explotan y los maltratan. Y garantizar a los menores su leg?timo derecho a la escolarizaci?n. Fue el apremiante llamamiento del Papa Francisco, reiterando su invitaci?n a la Comunidad internacional:<\/p>\n","protected":false},"author":1,"featured_media":0,"comment_status":"closed","ping_status":"closed","sticky":false,"template":"","format":"standard","meta":{"footnotes":""},"categories":[9],"tags":[],"class_list":["post-2591","post","type-post","status-publish","format-standard","hentry","category-noticias"],"_links":{"self":[{"href":"https:\/\/ceas.org.pe\/index.php\/wp-json\/wp\/v2\/posts\/2591","targetHints":{"allow":["GET"]}}],"collection":[{"href":"https:\/\/ceas.org.pe\/index.php\/wp-json\/wp\/v2\/posts"}],"about":[{"href":"https:\/\/ceas.org.pe\/index.php\/wp-json\/wp\/v2\/types\/post"}],"author":[{"embeddable":true,"href":"https:\/\/ceas.org.pe\/index.php\/wp-json\/wp\/v2\/users\/1"}],"replies":[{"embeddable":true,"href":"https:\/\/ceas.org.pe\/index.php\/wp-json\/wp\/v2\/comments?post=2591"}],"version-history":[{"count":1,"href":"https:\/\/ceas.org.pe\/index.php\/wp-json\/wp\/v2\/posts\/2591\/revisions"}],"predecessor-version":[{"id":6627,"href":"https:\/\/ceas.org.pe\/index.php\/wp-json\/wp\/v2\/posts\/2591\/revisions\/6627"}],"wp:attachment":[{"href":"https:\/\/ceas.org.pe\/index.php\/wp-json\/wp\/v2\/media?parent=2591"}],"wp:term":[{"taxonomy":"category","embeddable":true,"href":"https:\/\/ceas.org.pe\/index.php\/wp-json\/wp\/v2\/categories?post=2591"},{"taxonomy":"post_tag","embeddable":true,"href":"https:\/\/ceas.org.pe\/index.php\/wp-json\/wp\/v2\/tags?post=2591"}],"curies":[{"name":"wp","href":"https:\/\/api.w.org\/{rel}","templated":true}]}}