{"id":2590,"date":"2015-11-18T12:12:15","date_gmt":"2015-11-18T12:12:15","guid":{"rendered":""},"modified":"2026-03-11T09:12:08","modified_gmt":"2026-03-11T14:12:08","slug":"movilizacion-contra-la-anemia-y-la-desnutricion-infantil-en-frontera-de-loreto","status":"publish","type":"post","link":"https:\/\/ceas.org.pe\/index.php\/2015\/11\/18\/movilizacion-contra-la-anemia-y-la-desnutricion-infantil-en-frontera-de-loreto\/","title":{"rendered":"Movilizaci\u00f3n contra la anemia y la desnutrici\u00f3n infantil en frontera de Loreto"},"content":{"rendered":"<p>El 19 y 20 de noviembre se realizar\u00e1 en el distrito de Indiana, en la provincia de Maynas (Loreto), la \u201cMovilizaci\u00f3n de municipios de frontera de Loreto contra la anemia y desnutrici\u00f3n infantil\u201d. Esta movilizaci\u00f3n, organizada por el Plan Binacional de Desarrollo de la Regi\u00f3n Fronteriza Per\u00fa &#8211; Ecuador Cap\u00edtulo Per\u00fa y la Asociaci\u00f3n Salgal\u00fa para el Desarrollo, en coordinaci\u00f3n con el Grupo Impulsor Inversi\u00f3n en la Infancia, tiene como objetivo priorizar en la agenda local el combate contra la anemia y la desnutrici\u00f3n cr\u00f3nica infantil.<\/p>\n<div>\u00a0<\/div>\n<div>Esta movilizaci\u00f3n se da en el marco del proyecto \u00abIncidencia social y pol\u00edtica con gobiernos locales para combatir a la anemia y la desnutrici\u00f3n infantil que afecta a la poblaci\u00f3n y los municipios fronterizos de la regi\u00f3n Loreto. Frontera Per\u00fa \u2013 Ecuador\u00bb, desarrollado por el Plan Binacional Per\u00fa &#8211; Ecuador y la Asociaci\u00f3n Salgal\u00fa para el Desarrollo. Este proyecto se implementar\u00e1 inicialmente, como plan piloto, en los distritos de Las Amazonas y Napo, en la provincia de Maynas. \u00a0<\/div>\n<div>\u00a0<\/div>\n<div>El objetivo de este proyecto es replicar la experiencia exitosa de las movilizaciones regionales contra la anemia y la desnutrici\u00f3n infantil que el Grupo Impulsor Inversi\u00f3n en la Infancia viene desarrollando en distintas regiones del pa\u00eds para comprometerlas en la lucha contra estos dos graves problemas.\u00a0<\/div>\n<div>\u00a0<\/div>\n<div><strong>Reuni\u00f3n en Indiana<\/strong><\/div>\n<div>\u00a0<\/div>\n<div>En la \u201cMovilizaci\u00f3n de municipios de frontera de Loreto contra la anemia y desnutrici\u00f3n infantil\u201d, que se realizar\u00e1 en Indiana, participar\u00e1n representantes del gobierno regional de Loreto, como el vicegobernador Pedro Portocarrero, y alcaldes provinciales y distritales de las cinco provincias de Loreto fronterizas con Ecuador (Maynas, Datem del Mara\u00f1\u00f3n, Loreto, Alto Amazonas y Mariscal Ram\u00f3n Castilla), entre ellos alcaldes de los distritos m\u00e1s alejados, como \u00a0Las Amazonas, Napo, Maz\u00e1n, Andoas, Morona, Torres Causana, y otros.<\/div>\n<div>\u00a0<\/div>\n<div>Tambi\u00e9n asistir\u00e1n el padre Gast\u00f3n Garatea, coordinador nacional del Grupo Impulsor Inversi\u00f3n en la Infancia, y miembros del equipo directivo de esta iniciativa ciudadana, como la ex ministra de Educaci\u00f3n Gloria Helfer, el ex viceministro de Econom\u00eda Javier Abugatt\u00e1s, el m\u00e9dico especialista en salud p\u00fablica Oscar Liendo y el director de la Asociaci\u00f3n Salgal\u00fa para el Desarrollo Salvador Herencia; el embajador Harold Forsyth, director ejecutivo nacional del Plan Binacional Per\u00fa \u2013 Ecuador; as\u00ed como representantes del Ministerio de Desarrollo e Inclusi\u00f3n Social, del Fondo de las Naciones Unidas para la Infancia (UNICEF) y otras organizaciones, y de la sociedad civil.\u00a0<\/div>\n<div>\u00a0<\/div>\n<div>Durante los dos d\u00edas de esta movilizaci\u00f3n se analizar\u00e1 la situaci\u00f3n de la infancia en estas cinco provincias de Loreto en temas como anemia y desnutrici\u00f3n infantil. El objetivo es hacer una amplia convocatoria a las autoridades locales para priorizar en la agenda provincial y distrital la atenci\u00f3n a la primera infancia, en particular el combate contra la anemia y la desnutrici\u00f3n infantil.\u00a0<\/div>\n<div>\u00a0<\/div>\n<div><strong>\u201cMovilizaci\u00f3n est\u00e1 garantizada\u201d<\/strong><\/div>\n<div>\u00a0<\/div>\n<div>El embajador Harold Forsyth, director ejecutivo nacional del Plan Binacional Per\u00fa \u2013 Ecuador, \u00a0Salvador Herencia, director de la Asociaci\u00f3n Salgal\u00fa para el Desarrollo y miembro directivo de Inversi\u00f3n en la Infancia, y la alcaldesa distrital de Indiana, Janet Re\u00e1tegui, se reunieron el jueves 12 para ultimar los detalles de esta movilizaci\u00f3n contra la anemia y la desnutrici\u00f3n infantil.<\/div>\n<div>\u00a0<\/div>\n<div>La alcaldesa Re\u00e1tegui agradeci\u00f3 el apoyo del Plan Binacional Per\u00fa \u2013 Ecuador y de Inversi\u00f3n en la Infancia para la realizaci\u00f3n de esta movilizaci\u00f3n en Indiana. \u201cEl embajador Harold Forsyth ha<\/div>\n<div>\u00a0<\/div>\n<div>Embajador Harold Forsyth, del Plan Binacional Per\u00fa \u2013 Ecuador, y Janet Re\u00e1tegui, alcaldesa distrital de Indiana.<\/div>\n<div>entendido la importancia de esta movilizaci\u00f3n contra la anemia y la desnutrici\u00f3n infantil y el trabajo que venimos realizando en Indiana por la primera infancia. Es importante el complemento que el Plan Binacional Per\u00fa \u2013 Ecuador pueda brindar a las acciones que desarrollamos en beneficio de nuestros ni\u00f1os. La movilizaci\u00f3n del 19 y 20 est\u00e1 garantizada\u201d, se\u00f1al\u00f3 Janet Re\u00e1tegui. \u00a0<\/div>\n<div>\u00a0<\/div>\n<div>El embajador Harold Forsyth afirm\u00f3 que con el objetivo de combatir la anemia y la desnutrici\u00f3n infantil, el Plan Binacional Per\u00fa \u2013 Ecuador viene colaborando con el Grupo Impulsor Inversi\u00f3n en la Infancia que dirige el padre Gast\u00f3n Garatea. \u00a0<\/div>\n<div>\u00a0<\/div>\n<div>Por su parte, Salvador Herencia resalt\u00f3 que el distrito de Indiana ser\u00e1 \u201cpunta de lanza\u201d para el trabajo que se iniciar\u00e1 con los municipios de frontera de Loreto, en el marco del proyecto desarrollado por el Plan Binacional Per\u00fa &#8211; Ecuador y la Asociaci\u00f3n Salgal\u00fa para el Desarrollo para combatir la anemia y la desnutrici\u00f3n infantil en esta zona del pa\u00eds.<\/div>\n<div>\u00a0<\/div>\n<div><strong>Actividades movilizaci\u00f3n contra anemia y desnutrici\u00f3n<\/strong><\/div>\n<div>\u00a0<\/div>\n<div>La \u201cMovilizaci\u00f3n regional contra la anemia y desnutrici\u00f3n infantil en municipios de frontera de Loreto \u2013 Reuni\u00f3n en Indiana\u201d se abrir\u00e1 el jueves 19 a las 10:00 a.m. en el Centro de Promoci\u00f3n y Vigilancia Comunal de Indiana, con un taller dirigido a gerentes de desarrollo social y operadores de gesti\u00f3n local y municipal sobre un plan de monitoreo para la implementaci\u00f3n del Certificado de Nacido Vivo y del Patr\u00f3n Nominal para el seguimiento de la salud de los ni\u00f1os y la prevenci\u00f3n de la anemia y la desnutrici\u00f3n infantil desde el nivel local. Este taller ser\u00e1 dirigido por Javier Abugatt\u00e1s.<\/div>\n<div>\u00a0<\/div>\n<div>En la tarde del jueves, de 2:30 a 4:00 p.m., se realizar\u00e1, en el mismo lugar, un taller para periodistas, productores y conductores de radio y televisi\u00f3n, sobre c\u00f3mo movilizar a la comunidad en la lucha contra la anemia y la desnutrici\u00f3n infantil, con el objetivo de generar conciencia sobre esta problem\u00e1tica. Se les entregar\u00e1 informaci\u00f3n y spots de audio y video sobre la anemia y la desnutrici\u00f3n infantil.\u00a0<\/div>\n<div>\u00a0<\/div>\n<div>El viernes 20, de 10:00 a.m. a 12:30 p.m., en el auditorio de la Municipalidad de Indiana, se llevar\u00e1 a cabo un encuentro pol\u00edtico-social, que ser\u00e1 conducido por el padre Gast\u00f3n Garatea, en el que se analizar\u00e1 la situaci\u00f3n de la infancia en estas cinco provincias de la regi\u00f3n Loreto fronterizas con Ecuador y qu\u00e9 hacer para enfrentar con \u00e9xito los actuales altos \u00edndices de anemia y desnutrici\u00f3n infantil.\u00a0<\/div>\n<div>\u00a0<\/div>\n<div>En la regi\u00f3n Loreto seis de cada diez ni\u00f1os menores de tres a\u00f1os sufren de anemia y uno de cada cuatro ni\u00f1os menores de cinco a\u00f1os tiene desnutrici\u00f3n cr\u00f3nica. En provincias como Loreto y Mariscal Ram\u00f3n Castilla la anemia supera el 70 por ciento (ver nota \u201cM\u00e1s de la mitad de los ni\u00f1os de Loreto tienen anemia\u201d).\u00a0<\/div>\n<div>\u00a0<\/div>\n<div>Se promover\u00e1 un compromiso social y pol\u00edtico de todas las provincias y distritos fronterizos para adoptar la meta anemia y desnutrici\u00f3n cero. Este evento pol\u00edtico-social ser\u00e1 transmitido en vivo por Salgal\u00fa TV Online (www.salgalu.tv) y la p\u00e1gina web de Inversi\u00f3n en la Infancia (www.inversionenlainfancia.net).<\/div>\n<div>\u00a0<\/div>\n<div>Esta movilizaci\u00f3n concluir\u00e1 el viernes 20 con una \u00abFeria de experiencias comunales contra la anemia y la desnutrici\u00f3n infantil y de la papilla nutricional\u00bb, en la cual diversas instituciones p\u00fablicas y ONG mostrar\u00e1n la preparaci\u00f3n de papillas nutricionales con alimentos locales de la regi\u00f3n Loreto, y se explicar\u00e1 el uso correcto de los multimicronutrientes en la dieta diaria de los ni\u00f1os para evitar la anemia. Esta feria se realizar\u00e1 entre las 11:00 a.m. y las 4:00 p.m. en el Coliseo Municipal de Indiana. \u00a0<\/div>\n<div>\u00a0<\/div>\n<div>Fuente: inversionenlainfancia.net\u00a0\u00a0<\/div>\n<p><a href=\"http:\/\/web.hilo.org.pe\/wp-content\/uploads\/Movilizacioncontraanemia.jpg\" target=\"_blank\" rel=\"noopener\">Ver archivo adjunto<\/a><\/p>\n","protected":false},"excerpt":{"rendered":"<p>El 19 y 20 de noviembre se realizar? en el distrito de Indiana, en la provincia de Maynas (Loreto), la ?Movilizaci?n de municipios de frontera de Loreto contra la anemia y desnutrici?n infantil?.<\/p>\n","protected":false},"author":1,"featured_media":0,"comment_status":"closed","ping_status":"closed","sticky":false,"template":"","format":"standard","meta":{"footnotes":""},"categories":[9],"tags":[],"class_list":["post-2590","post","type-post","status-publish","format-standard","hentry","category-noticias"],"_links":{"self":[{"href":"https:\/\/ceas.org.pe\/index.php\/wp-json\/wp\/v2\/posts\/2590","targetHints":{"allow":["GET"]}}],"collection":[{"href":"https:\/\/ceas.org.pe\/index.php\/wp-json\/wp\/v2\/posts"}],"about":[{"href":"https:\/\/ceas.org.pe\/index.php\/wp-json\/wp\/v2\/types\/post"}],"author":[{"embeddable":true,"href":"https:\/\/ceas.org.pe\/index.php\/wp-json\/wp\/v2\/users\/1"}],"replies":[{"embeddable":true,"href":"https:\/\/ceas.org.pe\/index.php\/wp-json\/wp\/v2\/comments?post=2590"}],"version-history":[{"count":1,"href":"https:\/\/ceas.org.pe\/index.php\/wp-json\/wp\/v2\/posts\/2590\/revisions"}],"predecessor-version":[{"id":6628,"href":"https:\/\/ceas.org.pe\/index.php\/wp-json\/wp\/v2\/posts\/2590\/revisions\/6628"}],"wp:attachment":[{"href":"https:\/\/ceas.org.pe\/index.php\/wp-json\/wp\/v2\/media?parent=2590"}],"wp:term":[{"taxonomy":"category","embeddable":true,"href":"https:\/\/ceas.org.pe\/index.php\/wp-json\/wp\/v2\/categories?post=2590"},{"taxonomy":"post_tag","embeddable":true,"href":"https:\/\/ceas.org.pe\/index.php\/wp-json\/wp\/v2\/tags?post=2590"}],"curies":[{"name":"wp","href":"https:\/\/api.w.org\/{rel}","templated":true}]}}