{"id":2586,"date":"2015-11-16T12:22:34","date_gmt":"2015-11-16T12:22:34","guid":{"rendered":""},"modified":"2026-03-11T09:12:08","modified_gmt":"2026-03-11T14:12:08","slug":"comunicado-conferencia-episcopal-de-colombia-sobre-adopciones-por-parejas-del-mismo-sexo","status":"publish","type":"post","link":"https:\/\/ceas.org.pe\/index.php\/2015\/11\/16\/comunicado-conferencia-episcopal-de-colombia-sobre-adopciones-por-parejas-del-mismo-sexo\/","title":{"rendered":"Comunicado Conferencia Episcopal de Colombia sobre adopciones por parejas del mismo sexo"},"content":{"rendered":"<div>As\u00ed lo manifest\u00f3 el secretario general de la Conferencia Episcopal, monse\u00f1or Jos\u00e9 Daniel Falla, quien en nombre de los obispos expres\u00f3 el rechazo de la Iglesia por la decisi\u00f3n tomada por la Corte Constitucional, quien aval\u00f3 la adopci\u00f3n de menores de edad por parte de parejas del mismo sexo.<\/div>\n<div>\u00a0<\/div>\n<div>\u201cCreemos firmemente que con la decisi\u00f3n de la Corte Constitucional, se han vulnerado los menores de edad. \u00a0La adopci\u00f3n, tanto en el derecho internacional como en nuestra legislaci\u00f3n es ante todo una medida de protecci\u00f3n al menor (cf. art. 61, C\u00f3digo de la Infancia) y nunca ha de considerarse como un \u201cderecho\u201d de los adoptantes\u201d, se\u00f1ala el comunicado.<\/div>\n<div>\u00a0<\/div>\n<div>En el mismo mensaje firmado por el presidente de la Conferencia Episcopal de Colombia, monse\u00f1or Luis Augusto Castro Quiroga, se resalta que la familia est\u00e1 conformada por hombre y mujer y es desde all\u00ed donde se le puede brindar a los menores las m\u00e1ximas garant\u00edas para su sano crecimiento y desarrollo.<\/div>\n<div>\u00a0<\/div>\n<div>Los obispos invitaron para que ante esta arbitraria decisi\u00f3n, los colombianos se movilicen para seguir defendiendo y salvaguardando la aut\u00e9ntica naturaleza de la familia.<\/div>\n<div>\u00a0<\/div>\n<div>\u00a0<\/div>\n<div>Documentos:\u00a0<\/div>\n<div>\u00a0 \u00a0 \u00a0 \u00a0 \u00a0 \u00a0 \u00a0 \u00a0<a href=\"http:\/\/www.celam.org\/Images\/img_noticias\/docu563ca6ccc3056_06112015_610am.pdf\" target=\"_blank\"> \u00b7 Comunicado Conferencia Episocopal\u00a0<\/a><\/div>\n<div>\u00a0<\/div>\n<div>Fuente: celam.org<\/div>\n<p><a href=\"http:\/\/web.hilo.org.pe\/wp-content\/uploads\/comunicado.jpg\" target=\"_blank\" rel=\"noopener\">Ver archivo adjunto<\/a><\/p>\n","protected":false},"excerpt":{"rendered":"<p>As? lo manifest? el secretario general de la Conferencia Episcopal, monse?or Jos? Daniel Falla, quien en nombre de los obispos expres? el rechazo de la Iglesia por la decisi?n tomada por la Corte Constitucional, quien aval? la adopci?n de menores de edad por parte de parejas del mismo sexo.<\/p>\n","protected":false},"author":1,"featured_media":0,"comment_status":"closed","ping_status":"closed","sticky":false,"template":"","format":"standard","meta":{"footnotes":""},"categories":[9],"tags":[],"class_list":["post-2586","post","type-post","status-publish","format-standard","hentry","category-noticias"],"_links":{"self":[{"href":"https:\/\/ceas.org.pe\/index.php\/wp-json\/wp\/v2\/posts\/2586","targetHints":{"allow":["GET"]}}],"collection":[{"href":"https:\/\/ceas.org.pe\/index.php\/wp-json\/wp\/v2\/posts"}],"about":[{"href":"https:\/\/ceas.org.pe\/index.php\/wp-json\/wp\/v2\/types\/post"}],"author":[{"embeddable":true,"href":"https:\/\/ceas.org.pe\/index.php\/wp-json\/wp\/v2\/users\/1"}],"replies":[{"embeddable":true,"href":"https:\/\/ceas.org.pe\/index.php\/wp-json\/wp\/v2\/comments?post=2586"}],"version-history":[{"count":1,"href":"https:\/\/ceas.org.pe\/index.php\/wp-json\/wp\/v2\/posts\/2586\/revisions"}],"predecessor-version":[{"id":6632,"href":"https:\/\/ceas.org.pe\/index.php\/wp-json\/wp\/v2\/posts\/2586\/revisions\/6632"}],"wp:attachment":[{"href":"https:\/\/ceas.org.pe\/index.php\/wp-json\/wp\/v2\/media?parent=2586"}],"wp:term":[{"taxonomy":"category","embeddable":true,"href":"https:\/\/ceas.org.pe\/index.php\/wp-json\/wp\/v2\/categories?post=2586"},{"taxonomy":"post_tag","embeddable":true,"href":"https:\/\/ceas.org.pe\/index.php\/wp-json\/wp\/v2\/tags?post=2586"}],"curies":[{"name":"wp","href":"https:\/\/api.w.org\/{rel}","templated":true}]}}