{"id":2585,"date":"2015-11-16T12:19:03","date_gmt":"2015-11-16T12:19:03","guid":{"rendered":""},"modified":"2026-03-11T09:12:08","modified_gmt":"2026-03-11T14:12:08","slug":"congreso-mundial-educar-hoy-y-maoana-una-pasion-que-se-renueva","status":"publish","type":"post","link":"https:\/\/ceas.org.pe\/index.php\/2015\/11\/16\/congreso-mundial-educar-hoy-y-maoana-una-pasion-que-se-renueva\/","title":{"rendered":"Congreso Mundial &#8216;Educar hoy y ma\u00f3ana. Una pasi\u00f3n que se renueva\u00bb"},"content":{"rendered":"<p>Ciudad del Vaticano, (Vis).-&#8216;Educar hoy y ma\u00f1ana. Una pasi\u00f3n que se renueva \u00bb es el t\u00edtulo del Congreso Mundial organizado por la Congregaci\u00f3n para la Educaci\u00f3n Cat\u00f3lica para conmemorar el 50 aniversario de la &#8216;Gravissimum educationis&#8217; (Declaraci\u00f3n del Concilio Vaticano II sobre la educaci\u00f3n cristiana) y el 25 de &#8216;Ex corde Ecclesiae&#8217; (Constituci\u00f3n Apost\u00f3lica sobre las Universidades Cat\u00f3licas) que tendr\u00e1 lugar en Roma del 18 al 21 de noviembre.<\/p>\n<p>Han presentado ese evento esta ma\u00f1ana en la Oficina de Prensa de la Santa Sede, el cardenal Giuseppe Versaldi, Prefecto de la Congregaci\u00f3n para la Educaci\u00f3n, el arzobispo; Angelo Vincenzo Zani, Secretario de la misma congregaci\u00f3n y el profesor Italo Fiorin, Directore de la Escuola de Formaci\u00f3n Superior \u201cEducare all\u2019incontro e alla solidariet\u00e0\u201d della LUMSA, Roma.<\/p>\n<div>El cardenal Versaldi subray\u00f3 en su intervenci\u00f3n que en los eventos conmemorativos de los aniversarios destaca la participaci\u00f3n de la Congregaci\u00f3n para la Educaci\u00f3n Cat\u00f3lica en la pasi\u00f3n educativa de la Iglesia &#8216;que todav\u00eda siente, como se lee en el incipit del documento conciliar del que celebramos el cincuentenario la extrema importancia de la educaci\u00f3n en la vida del hombre y su repercusi\u00f3n cada vez m\u00e1s grande en el progreso social contempor\u00e1neo. De la consciencia de ese hecho, el fruto m\u00e1s reciente es este Congreso Mundial&#8217;.<\/div>\n<div>\u00a0<\/div>\n<div>A continuaci\u00f3n, el arzobispo Zani explic\u00f3 que la idea del Congreso naci\u00f3 durante la sesi\u00f3n plenaria de los cardenales y obispos de la Congregaci\u00f3n para la Educaci\u00f3n Cat\u00f3lica en 2011, en la que se discutieron las futuras l\u00edneas de actuaci\u00f3n del dicasterio y que en su discurso en esa ocasi\u00f3n, Benedicto XVI, se refiri\u00f3 a los dos aniversarios de 2015. De ah\u00ed la elecci\u00f3n de la fecha. Posteriormene en 2012, se reunieron en Roma una cincuentena de expertos de todo el mundo para identificar los problemas pendientes en materia de educaci\u00f3n promovida por la Iglesia y se formularon las primeras sugerencias para reactivar la importante acci\u00f3n formativa de las instituciones de educaci\u00f3n cat\u00f3lica. Los resultados del seminario se recogieron en un documento que lleva el mismo t\u00edtulo del Congreso y se envi\u00f3 a los sujetos interesados junto con un cuestionario para devolver al dicasterio. &#8216;La reacci\u00f3n fue sorprendente- dijo mons. Zani- llegaron miles de respuestas al cuestionario informatizado y otras tantas cartas al dicasterio&#8217;.<\/div>\n<div>\u00a0<\/div>\n<div>El Congreso de noviembre ha estado precedido, el pasado mes de junio, por un Foro internacional sobre la educaci\u00f3n en la Unesco que cont\u00f3 con la partipaci\u00f3n del cardenal Secretario de Estado, Pietro Parolin. &#8216;Educar hoy y ma\u00f1ana. Una pasi\u00f3n que se renueva&#8217;, se abrir\u00e1 el 18 de noviembre en el Aula Pablo VI con una sesi\u00f3n que describir\u00e1 los nuevos escenarios de la educaci\u00f3n y las finalidades de la reuni\u00f3n y proseguir\u00e1 el 19 y el 20 de noviembre en otras sedes donde se tratar\u00e1n cuatro temas: identidad y misi\u00f3n de las escuelas y universidades cat\u00f3licas, los sujetos dedicados a la educaci\u00f3n y sus diversas responsabilidades (obispos, padres, directores, profesores, estudiantes), la formaci\u00f3n de los formadores y los retos de nuestra \u00e9poca. El 21 de noviembre, los participantes, m\u00e1s de 2.200, ser\u00e1n recibidos por el Santo Padre.<\/div>\n<div>\u00a0<\/div>\n<div>Pero el Congreso, matiz\u00f3 el prelado, no ser\u00eda un fin en s\u00ed mismo, ya que puede representar un nuevo inicio en la colaboraci\u00f3n entre la Congregaci\u00f3n para la Educaci\u00f3n Cat\u00f3lica y diversas instituciones. Por ejemplo, algunas partes han solicitado un Directorio General para la educaci\u00f3n cat\u00f3lica que recoja los principios y las normas emanadas en numerosos documentos, desde el Concilio hasta nuestros d\u00edas y ya se piensa en la constituci\u00f3n de un grupo de trabajo para ese fin. Otro aspecto que ha surgido de las respuestas al cuestionario es la necesidad de contar con un centro permanente de estudio de las problem\u00e1ticas pedag\u00f3gicas de inspiraci\u00f3n cristiana. Una idea que ha sido recogida por la universidad italiana LUMSA que ha instituido la Escuela de Formaci\u00f3n Superior (Educar al encuentro y a la solidaridad).<\/div>\n<div>\u00a0<\/div>\n<div>En este \u00e1mbito hay que recordar que el pasado 28 de octubre el Papa Francisco constituy\u00f3 con un quir\u00f3grafo la nueva Fundaci\u00f3n &#8216;Gravissimum educationis&#8217;, para estudiar situaciones particulares y realizar proyectos originales e innovadores, sobre todo en las situaciones m\u00e1s dif\u00edciles. Por \u00faltimo se constituir\u00e1 un peque\u00f1o grupo de trabajo para seguir las problem\u00e1ticas jur\u00eddicas que inevitablemente se registran en varias zonas del mundo, sobre todo tras los cambios de constituciones o de leyes que ponen en dificultad la supervivencia de las escuelas y las universidades cat\u00f3licas.<\/div>\n<div>\u00a0<\/div>\n<div>Fuente: news.va<\/div>\n<div>\u00a0<\/div>\n<p><a href=\"http:\/\/web.hilo.org.pe\/wp-content\/uploads\/Educar.jpg\" target=\"_blank\" rel=\"noopener\">Ver archivo adjunto<\/a><\/p>\n","protected":false},"excerpt":{"rendered":"<p>Ciudad del Vaticano, (Vis).-\u00bbEducar hoy y ma?ana. Una pasi?n que se renueva \u00bb es el t?tulo del Congreso Mundial organizado por la Congregaci?n para la Educaci?n Cat?lica para conmemorar el 50 aniversario de la \u00bbGravissimum educationis\u00bb (Declaraci?n del Concilio Vaticano II sobre la educaci?n cristiana) y el 25 de \u00bbEx corde Ecclesiae\u00bb (Constituci?n Apost?lica sobre las Universidades Cat?licas) que tendr? lugar en Roma del 18 al 21 de noviembre.<\/p>\n","protected":false},"author":1,"featured_media":0,"comment_status":"closed","ping_status":"closed","sticky":false,"template":"","format":"standard","meta":{"footnotes":""},"categories":[9],"tags":[],"class_list":["post-2585","post","type-post","status-publish","format-standard","hentry","category-noticias"],"_links":{"self":[{"href":"https:\/\/ceas.org.pe\/index.php\/wp-json\/wp\/v2\/posts\/2585","targetHints":{"allow":["GET"]}}],"collection":[{"href":"https:\/\/ceas.org.pe\/index.php\/wp-json\/wp\/v2\/posts"}],"about":[{"href":"https:\/\/ceas.org.pe\/index.php\/wp-json\/wp\/v2\/types\/post"}],"author":[{"embeddable":true,"href":"https:\/\/ceas.org.pe\/index.php\/wp-json\/wp\/v2\/users\/1"}],"replies":[{"embeddable":true,"href":"https:\/\/ceas.org.pe\/index.php\/wp-json\/wp\/v2\/comments?post=2585"}],"version-history":[{"count":1,"href":"https:\/\/ceas.org.pe\/index.php\/wp-json\/wp\/v2\/posts\/2585\/revisions"}],"predecessor-version":[{"id":6633,"href":"https:\/\/ceas.org.pe\/index.php\/wp-json\/wp\/v2\/posts\/2585\/revisions\/6633"}],"wp:attachment":[{"href":"https:\/\/ceas.org.pe\/index.php\/wp-json\/wp\/v2\/media?parent=2585"}],"wp:term":[{"taxonomy":"category","embeddable":true,"href":"https:\/\/ceas.org.pe\/index.php\/wp-json\/wp\/v2\/categories?post=2585"},{"taxonomy":"post_tag","embeddable":true,"href":"https:\/\/ceas.org.pe\/index.php\/wp-json\/wp\/v2\/tags?post=2585"}],"curies":[{"name":"wp","href":"https:\/\/api.w.org\/{rel}","templated":true}]}}