{"id":2580,"date":"2015-11-12T18:52:17","date_gmt":"2015-11-12T18:52:17","guid":{"rendered":""},"modified":"2026-03-11T09:12:08","modified_gmt":"2026-03-11T14:12:08","slug":"carta-de-apoyo-al-papa-francisco","status":"publish","type":"post","link":"https:\/\/ceas.org.pe\/index.php\/2015\/11\/12\/carta-de-apoyo-al-papa-francisco\/","title":{"rendered":"Carta de apoyo al Papa Francisco"},"content":{"rendered":"<p>Este texto naci\u00f3 dentro del II Congreso de Teolog\u00eda Continental realizado entre los dias 26-30 de octubre en la ciudad de Belo Horizonte, Brasil bajo el titulo: \u00abIglesia que camina con Esp\u00edritu y desde los pobres\u00bb con la presencia de cerca de 300 representantes de Latinoamerica, del Caribe, de Europa, de Canada y de Estados Unidos.<\/p>\n<p>En este contexto, dice la carta \u00abnosotros cristianos abiertos a los desaf\u00edos del mundo actual, ante la nueva fase planetaria de la historia y las amenazas que pesan sobre el sistema-vida y el sistema-Tierra, valientemente se\u00f1aladas en su enc\u00edclica Laudato Si sobre \u00abel cuidado de la Casa Com\u00fan\u00bb, queremos cerrar filas a su alrededor y mostrar nuestro total apoyo a su persona y a su ministerio, a su visi\u00f3n pastoral y abierta de Iglesia y a la forma carism\u00e1tica por la cual hace que sintamos nuevamente a la Iglesia como nuestro hogar espiritual\u00bb<\/p>\n<p>\u00a0En otra parte del texto, la carta de apoyo al papa Francisco, se\u00f1ala, \u00abLa Iglesia Cat\u00f3lica no puede ser reh\u00e9n de la cultura occidental, que es una cultura regional, por grandes que sean los m\u00e9ritosque haya acumulado. Es necesario que se desoccidentalice, abriendose al proceso de mundializaci\u00f3n que favorece el encuentro de culturas y caminos espirituales.\u00bb<\/p>\n<p>Los apoyos al Santo Padre pueden ser enviados al siguiente correo: \u00a0apoyoalpapafrancisco@yahoo.com<\/p>\n<p>\u00a0<strong>Carta de apoyo al Papa Francisco<\/strong><\/p>\n<p>\u00a0Querido Papa Francisco:<\/p>\n<p>\u00a0En Am\u00e9rica Latina, en Brasil y en el Caribe y en otras partes del mundo somos muchos los que seguimos con preocupaci\u00f3n la cerrada oposici\u00f3n y los ataques que le hacen minor\u00edas conservadoras, pero poderosas, desde dentro y fuera de la Iglesia. Perplejos, hemos presenciado algo inusitado en los \u00faltimos siglos: la rebeli\u00f3n cardenales conservadores contra su modo de conducir el S\u00ednodo y, sobre todo, la Iglesia Universal.<\/p>\n<p>\u00a0La carta estrictamente personal, de un grupo de Cardinales. dirigida a Usted, fu\u00e9 vasada a la imprensa como anticipadamente la enc\u00edclica Laudato Si en clara violaci\u00f3n los principios de un periodismo \u00e9tico.<\/p>\n<p>\u00a0Tales grupos conservadores postulan una vuelta al modelo de Iglesia del pasado, concebida como una fortaleza cerrada m\u00e1s que como \u00abun hospital de campa\u00f1a con las puertas abiertas para acoger a quien llama\u00bb; Iglesia que deber\u00e1 \u00abbuscar y acompa\u00f1ar a la humanidad de hoy, con las puertasabiertas, ya que con las puertas cerradas se traiciona a s\u00ed misma y a su misi\u00f3n y, en vez de ser puente, se convierte en barrera\u00bb. Estas fueron sus valientes palabras.<\/p>\n<p>Las actitudes pastorales del tipo de Iglesia propuesto en sus discursos y en sus gestos simb\u00f3licosse caracterizan por el amor c\u00e1lido, por el encuentro vivo entre las personas y con Cristo presente entre nosotros, por la misericordiasin l\u00edmites, por la \u00abrevoluci\u00f3n de la ternura\u00bb y por la conversi\u00f3n pastoral. Esto implica que el pastor tenga \u00abolor a oveja\u00bb, porque convive con ella y la acompa\u00f1a a lo largo del camino.<\/p>\n<p>\u00a0Lamentamos que tales grupos conservadores, lo que m\u00e1s haden, es decir no. No a la comuni\u00f3n de los divorciados vueltos a casar; no alreconocimiento de los homoafectivos; no a cualquier apertura al mundo que implique cambios sustantivos.<\/p>\n<p>\u00a0Tenemos que recordar a estos hermanos las cosas m\u00e1s obvias del mensaje de Jes\u00fas. \u00c9l no vino a decir no. Al contrario, \u00e9l vino a decir s\u00ed. San Pablo, en la segunda ep\u00edstola a los Corintios,nos recuerda que \u00aben el Hijo de Dios todo ha sido s\u00ed&#8230; porque todas las promesas de Dios son s\u00eden Jes\u00fas\u00bb (2Cor 1,20).<\/p>\n<p>\u00a0En el Evangelio de San Juan, Jes\u00fasdice expl\u00edcitamente: \u00abSi alguno viene a m\u00ed yo no le rechazar\u00e9 nunca\u00bb (Jn 6,37). Pod\u00eda ser una prostituta, un leproso, un te\u00f3logo temeroso como Nicodemo: a todos acogi\u00f3 con su amor y su misericordia.<\/p>\n<p>\u00a0La caracter\u00edstica fundamental del Dios de Jes\u00fas, \u00abAbba\u00bb, es su misericordia sin l\u00edmites (Lc 6,36) y su amor preferencial por los pobres, los enfermos y los pecadores (Lc 5,32; 6,21). M\u00e1s que fundar una nueva religi\u00f3n con feligreses piadosos, Jes\u00fas vino a ense\u00f1arnos a vivir y a realizar los bienes de su mensaje central, el Reino de Dios, que son: el amor, la compasi\u00f3n, el perd\u00f3n, la solidaridad, el hambre y sed de justicia y el hacernos sentir hijos e hijas amados de Dios.<\/p>\n<p>\u00a0Los intentos de deslegitimar su modo de ser Obispo de Roma y Papa de la Iglesia universal ser\u00e1n vanos, porque nada se resiste a la bondad y a la ternura de las que Usted nos da un ejemplo espl\u00e9ndido. Por la historia sabemos que cuando prevaleceel poder, como a ellos les gustar\u00eda que prevaleciese, desaparece el amory se extingue la misericordia, valores centrales de su predicaci\u00f3n y de la de Jes\u00fas.<\/p>\n<p>\u00a0En este contexto, nosotros cristianos abiertos a los desaf\u00edos del mundo actual, ante la nueva fase planetaria de la historia y las amenazas que pesan sobre el sistema-vida y el sistema-Tierra, valientemente se\u00f1aladas en su enc\u00edclica Laudato Si sobre \u00abel cuidado de la Casa Com\u00fan\u00bb, queremos cerrar filas a su alrededor y mostrar nuestro total apoyo a su persona y a su ministerio, a su visi\u00f3n pastoral y abierta de Iglesia y a la forma carism\u00e1tica por la cual hace que sintamos nuevamente a la Iglesia como nuestro hogar espiritual. Y tanta gente de otras Iglesias y religiones y del mundo secular lo apoyan y lo admiran por su manera de hablar y de actuar.<\/p>\n<p>\u00a0No es destituido de significaci\u00f3n el hecho de que la gran mayor\u00eda delos cat\u00f3licos viva en las Am\u00e9ricas, en \u00c1frica y en Asia, donde se constata una gran vitalidad y creatividad en di\u00e1logo con las distintas culturas, mostrando m\u00faltiples rostros de la misma Iglesia de Cristo. La Iglesia cat\u00f3lica es hoy una Iglesiadel Tercer Mundo, pues s\u00f3lo el 25% de cat\u00f3licos vive en Europa. El futuro de la Iglesia se juega en estas regiones donde el Esp\u00edritu soplacon fuerza. No darse cuenta de este hecho es seguir siendo euroc\u00e9ntrico y vaticanoc\u00e9ntrico.<\/p>\n<p>\u00a0La Iglesia Cat\u00f3lica no puede ser reh\u00e9n de la cultura occidental, que es una cultura regional, por grandes que sean los m\u00e9ritosque haya acumulado. Es necesario que se desoccidentalice, abriendose al proceso de mundializaci\u00f3n que favorece el encuentro de culturas y caminos espirituales.<\/p>\n<p>\u00a0Querido Papa Francisco: Usted participa del destino del Maestro y de los ap\u00f3stoles, que tambi\u00e9n fueron malentendidos, calumniados y perseguidos.<\/p>\n<p>\u00a0Pero estamos tranquilos porque sabemos que Usted asume tales tribulacionesseg\u00fan el esp\u00edritu de las bienaventuranzas. Las soporta con humildad. Pide perd\u00f3n por los pecados de la Iglesia y sigue los pasos del Nazareno.<\/p>\n<p>\u00a0Queremos estar a su lado, apoyarle en su visi\u00f3n evang\u00e9licay liberadora de la Iglesia, darle coraje y fuerza interior para actualizarnos, con palabras y gestos, la tradici\u00f3n de Jes\u00fas hecha de amor, de misericordia, de compasi\u00f3n, de intimidad con Dios y de solidaridad con la humanidad que sufre.<\/p>\n<p>\u00a0En fin, querido Papa Francisco, siga mostr\u00e1ndonos a todos que el evangelio es una propuesta buena para toda la humanidad, que el mensaje cristiano es una fuerza inspiradora en el \u00abcuidado de la Casa Com\u00fan\u00bb y generadora de una peque\u00f1a anticipaci\u00f3n de una Tierra reconciliada consigo misma, con todos los seres humanos, con la naturaleza,y en especial con el Padre que mostr\u00f3 tener caracter\u00edsticas de Madre deinfinita bondad y ternura. Al final, juntos podremos decir: \u00abtodo es muy bueno\u00bb (Gn 1,31).<\/p>\n<p>\u00a0Fuente: radioevangelizacion.org<\/p>\n<p>\u00a0<\/p>\n<p><a href=\"http:\/\/web.hilo.org.pe\/wp-content\/uploads\/Francisco.jpg\" target=\"_blank\" rel=\"noopener\">Ver archivo adjunto<\/a><\/p>\n","protected":false},"excerpt":{"rendered":"<p>Este texto naci? dentro del II Congreso de Teolog?a Continental realizado entre los dias 26-30 de octubre en la ciudad de Belo Horizonte, Brasil bajo el titulo: \u00abIglesia que camina con Esp?ritu y desde los pobres\u00bb con la presencia de cerca de 300 representantes de Latinoamerica, del Caribe, de Europa, de Canada y de Estados Unidos.<\/p>\n","protected":false},"author":1,"featured_media":7855,"comment_status":"closed","ping_status":"closed","sticky":false,"template":"","format":"standard","meta":{"footnotes":""},"categories":[9],"tags":[],"class_list":["post-2580","post","type-post","status-publish","format-standard","has-post-thumbnail","hentry","category-noticias"],"_links":{"self":[{"href":"https:\/\/ceas.org.pe\/index.php\/wp-json\/wp\/v2\/posts\/2580","targetHints":{"allow":["GET"]}}],"collection":[{"href":"https:\/\/ceas.org.pe\/index.php\/wp-json\/wp\/v2\/posts"}],"about":[{"href":"https:\/\/ceas.org.pe\/index.php\/wp-json\/wp\/v2\/types\/post"}],"author":[{"embeddable":true,"href":"https:\/\/ceas.org.pe\/index.php\/wp-json\/wp\/v2\/users\/1"}],"replies":[{"embeddable":true,"href":"https:\/\/ceas.org.pe\/index.php\/wp-json\/wp\/v2\/comments?post=2580"}],"version-history":[{"count":1,"href":"https:\/\/ceas.org.pe\/index.php\/wp-json\/wp\/v2\/posts\/2580\/revisions"}],"predecessor-version":[{"id":6638,"href":"https:\/\/ceas.org.pe\/index.php\/wp-json\/wp\/v2\/posts\/2580\/revisions\/6638"}],"wp:featuredmedia":[{"embeddable":true,"href":"https:\/\/ceas.org.pe\/index.php\/wp-json\/wp\/v2\/media\/7855"}],"wp:attachment":[{"href":"https:\/\/ceas.org.pe\/index.php\/wp-json\/wp\/v2\/media?parent=2580"}],"wp:term":[{"taxonomy":"category","embeddable":true,"href":"https:\/\/ceas.org.pe\/index.php\/wp-json\/wp\/v2\/categories?post=2580"},{"taxonomy":"post_tag","embeddable":true,"href":"https:\/\/ceas.org.pe\/index.php\/wp-json\/wp\/v2\/tags?post=2580"}],"curies":[{"name":"wp","href":"https:\/\/api.w.org\/{rel}","templated":true}]}}