{"id":2576,"date":"2015-11-10T14:45:08","date_gmt":"2015-11-10T14:45:08","guid":{"rendered":""},"modified":"2026-03-11T09:12:08","modified_gmt":"2026-03-11T14:12:08","slug":"en-trujillo-se-realizo-tercer-congreso-nacional-misionero","status":"publish","type":"post","link":"https:\/\/ceas.org.pe\/index.php\/2015\/11\/10\/en-trujillo-se-realizo-tercer-congreso-nacional-misionero\/","title":{"rendered":"En Trujillo se realiz\u00f3 Tercer Congreso Nacional Misionero"},"content":{"rendered":"<p>Con la Solemne Misa de Clausura y env\u00edo misionero, presidida por el Arzobispo de Trujillo, Monse\u00f1or Miguel Cabrejos Vidarte OFM., culmin\u00f3 el III Congreso Nacional Misionero, que se realiz\u00f3 del 6 al 8 de noviembre en el coliseo del colegio Claretiano.<\/p>\n<p>Las diversas delegaciones venidas de las diferentes jurisdicciones eclesi\u00e1sticas del pa\u00eds fueron acogidas con cari\u00f1o por la Arquidi\u00f3cesis de Trujillo, para revitalizar la experiencia misionera siguiendo el mandato de Nuestro Se\u00f1or Jesucristo.<\/p>\n<div>Las jornadas de este congreso estuvieron animadas por diversos talleres, din\u00e1micas, cantos, alabanzas, testimonios y magistrales conferencias. Se resalt\u00f3 la religiosidad popular de nuestro pa\u00eds como fortaleza de la misi\u00f3n, adem\u00e1s de abrir nuevas perspectivas en la evangelizaci\u00f3n.<\/div>\n<div>\u00a0<\/div>\n<div>El Arzobispo agradeci\u00f3 la participaci\u00f3n de cada uno de los fieles y destac\u00f3 la realizaci\u00f3n de este evento: \u201cHa sido una bendici\u00f3n de Dios el haber realizado este congreso nacional misionero, porque hace revivir la esencia de la Iglesia, es decir, ser misionera,<\/div>\n<div>evangelizadora y que responda al mandato de Cristo de anunciar su Evangelio a todas las gentes\u201d, expres\u00f3.<\/div>\n<div>\u00a0<\/div>\n<div>Reconocidos ponentes de M\u00e9xico, Canad\u00e1, Croacia, Espa\u00f1a y Argentina ofrecieron a los participantes sus vivencias para fortalecer y animar la evangelizaci\u00f3n de los pueblos. Por ejemplo, Mons. Gerardo Zerd\u00edn (Croacia), Obispo del Vicariato Apost\u00f3lico de San Ram\u00f3n exhort\u00f3 a \u201cvivir nuestro bautismo, nuestra misi\u00f3n y nuestra cercan\u00eda con Jesucristo, descubri\u00e9ndolo como Persona, que se ha encarnado y que sigue estando presente, anim\u00e1ndonos a trav\u00e9s del Esp\u00edritu Santo\u201d, dijo. (Fuente: CEP)<\/div>\n<p><a href=\"http:\/\/web.hilo.org.pe\/wp-content\/uploads\/Congresonacionalmisionero.jpg\" target=\"_blank\" rel=\"noopener\">Ver archivo adjunto<\/a><\/p>\n","protected":false},"excerpt":{"rendered":"<p>Con la Solemne Misa de Clausura y env?o misionero, presidida por el Arzobispo de Trujillo, Monse?or Miguel Cabrejos Vidarte OFM., culmin? el III Congreso Nacional Misionero, que se realiz? del 6 al 8 de noviembre en el coliseo del colegio Claretiano.<\/p>\n","protected":false},"author":1,"featured_media":7883,"comment_status":"closed","ping_status":"closed","sticky":false,"template":"","format":"standard","meta":{"footnotes":""},"categories":[9],"tags":[],"class_list":["post-2576","post","type-post","status-publish","format-standard","has-post-thumbnail","hentry","category-noticias"],"_links":{"self":[{"href":"https:\/\/ceas.org.pe\/index.php\/wp-json\/wp\/v2\/posts\/2576","targetHints":{"allow":["GET"]}}],"collection":[{"href":"https:\/\/ceas.org.pe\/index.php\/wp-json\/wp\/v2\/posts"}],"about":[{"href":"https:\/\/ceas.org.pe\/index.php\/wp-json\/wp\/v2\/types\/post"}],"author":[{"embeddable":true,"href":"https:\/\/ceas.org.pe\/index.php\/wp-json\/wp\/v2\/users\/1"}],"replies":[{"embeddable":true,"href":"https:\/\/ceas.org.pe\/index.php\/wp-json\/wp\/v2\/comments?post=2576"}],"version-history":[{"count":1,"href":"https:\/\/ceas.org.pe\/index.php\/wp-json\/wp\/v2\/posts\/2576\/revisions"}],"predecessor-version":[{"id":6642,"href":"https:\/\/ceas.org.pe\/index.php\/wp-json\/wp\/v2\/posts\/2576\/revisions\/6642"}],"wp:featuredmedia":[{"embeddable":true,"href":"https:\/\/ceas.org.pe\/index.php\/wp-json\/wp\/v2\/media\/7883"}],"wp:attachment":[{"href":"https:\/\/ceas.org.pe\/index.php\/wp-json\/wp\/v2\/media?parent=2576"}],"wp:term":[{"taxonomy":"category","embeddable":true,"href":"https:\/\/ceas.org.pe\/index.php\/wp-json\/wp\/v2\/categories?post=2576"},{"taxonomy":"post_tag","embeddable":true,"href":"https:\/\/ceas.org.pe\/index.php\/wp-json\/wp\/v2\/tags?post=2576"}],"curies":[{"name":"wp","href":"https:\/\/api.w.org\/{rel}","templated":true}]}}